{"id":133,"date":"2017-03-28T09:37:57","date_gmt":"2017-03-28T08:37:57","guid":{"rendered":"http:\/\/iespasqualcalbo.cat\/blocs\/mecanitzat\/?p=1"},"modified":"2017-03-28T09:37:57","modified_gmt":"2017-03-28T08:37:57","slug":"hola-mon","status":"publish","type":"post","link":"https:\/\/www.iespasqualcalbo.cat\/blocs\/mecanitzat\/2017\/03\/28\/hola-mon\/","title":{"rendered":"OBRIM PORTES!"},"content":{"rendered":"<p>\t\t\t\t<img decoding=\"async\" class=\" wp-image-132 alignleft\" src=\"https:\/\/www.iespasqualcalbo.cat\/blocs\/mecanitzat\/wp-content\/uploads\/sites\/17\/2017\/04\/portada1.jpg\" alt=\"\" width=\"243\" height=\"161\" \/>Benvinguts al nostre bloc del Departament de Mecanitzat de l&#8217;Institut Pasqual Calb\u00f3 i Caldes de Ma\u00f3 (Menorca)<\/p>\n<p>Anireu trobant informaci\u00f3 \u00fatil dels nostres Cicles, aix\u00ed com not\u00edcies, esdeveniments importants, etc.<\/p>\n<p>Esperem que ens visiteu de tant en tant!!<\/p>\n<p>&nbsp;\t\t<\/p>\n","protected":false},"excerpt":{"rendered":"<p>Benvinguts al nostre bloc del Departament de Mecanitzat de l&#8217;Institut Pasqual Calb\u00f3 i Caldes de Ma\u00f3 (Menorca) Anireu trobant informaci\u00f3 \u00fatil dels nostres Cicles, aix\u00ed com not\u00edcies, esdeveniments importants, etc. Esperem que ens visiteu de tant en tant!! &nbsp;<\/p>\n","protected":false},"author":1,"featured_media":0,"comment_status":"closed","ping_status":"closed","sticky":false,"template":"","format":"standard","meta":{"footnotes":""},"categories":[1],"tags":[],"class_list":["post-133","post","type-post","status-publish","format-standard","hentry","category-general"],"_links":{"self":[{"href":"https:\/\/www.iespasqualcalbo.cat\/blocs\/mecanitzat\/wp-json\/wp\/v2\/posts\/133","targetHints":{"allow":["GET"]}}],"collection":[{"href":"https:\/\/www.iespasqualcalbo.cat\/blocs\/mecanitzat\/wp-json\/wp\/v2\/posts"}],"about":[{"href":"https:\/\/www.iespasqualcalbo.cat\/blocs\/mecanitzat\/wp-json\/wp\/v2\/types\/post"}],"author":[{"embeddable":true,"href":"https:\/\/www.iespasqualcalbo.cat\/blocs\/mecanitzat\/wp-json\/wp\/v2\/users\/1"}],"replies":[{"embeddable":true,"href":"https:\/\/www.iespasqualcalbo.cat\/blocs\/mecanitzat\/wp-json\/wp\/v2\/comments?post=133"}],"version-history":[{"count":0,"href":"https:\/\/www.iespasqualcalbo.cat\/blocs\/mecanitzat\/wp-json\/wp\/v2\/posts\/133\/revisions"}],"wp:attachment":[{"href":"https:\/\/www.iespasqualcalbo.cat\/blocs\/mecanitzat\/wp-json\/wp\/v2\/media?parent=133"}],"wp:term":[{"taxonomy":"category","embeddable":true,"href":"https:\/\/www.iespasqualcalbo.cat\/blocs\/mecanitzat\/wp-json\/wp\/v2\/categories?post=133"},{"taxonomy":"post_tag","embeddable":true,"href":"https:\/\/www.iespasqualcalbo.cat\/blocs\/mecanitzat\/wp-json\/wp\/v2\/tags?post=133"}],"curies":[{"name":"wp","href":"https:\/\/api.w.org\/{rel}","templated":true}]}}