{"id":109,"date":"2017-04-24T11:15:11","date_gmt":"2017-04-24T10:15:11","guid":{"rendered":"http:\/\/iespasqualcalbo.cat\/blocs\/mecanitzat\/?p=109"},"modified":"2017-04-24T11:15:11","modified_gmt":"2017-04-24T10:15:11","slug":"proxim-esdeveniment-fes-te-pro","status":"publish","type":"post","link":"https:\/\/www.iespasqualcalbo.cat\/blocs\/mecanitzat\/2017\/04\/24\/proxim-esdeveniment-fes-te-pro\/","title":{"rendered":"Pr\u00f2xim esdeveniment &#8220;Fes-te Pro&#8221;"},"content":{"rendered":"<p>\t\t\t\t&#8220;Fes-te PRO&#8221;, una iniciativa innovadora per promocionar la Formaci\u00f3 Professional.<\/p>\n<p>Esdeveniment per donar a con\u00e8ixer a l&#8217;alumnat de 4rt d&#8217;ESO, d&#8217;FP B\u00e0sica i de segon de batxillerat la Formaci\u00f3 Professional. Durant una hora i mitja l&#8217;alumnat visitant podr\u00e0 participar a les activitats per adquirir habilitats professionals dissenyades per cada una de les fam\u00edlies professionals participants a l&#8217;esdeveniment de promoci\u00f3 de l&#8217;FP a Menorca<\/p>\n<p>Ens trobar\u00e0s al pr\u00f2xim esdeveniment de Fes-te Pro al ParcBit d&#8217;Alaior els propers dies 11, 12 i 13 de Maig! Vos esperam!!\t\t<\/p>\n","protected":false},"excerpt":{"rendered":"<p>&#8220;Fes-te PRO&#8221;, una iniciativa innovadora per promocionar la Formaci\u00f3 Professional. Esdeveniment per donar a con\u00e8ixer a l&#8217;alumnat de 4rt d&#8217;ESO, d&#8217;FP B\u00e0sica i de segon de batxillerat la Formaci\u00f3 Professional. Durant una hora i mitja l&#8217;alumnat visitant podr\u00e0 participar a les activitats per adquirir habilitats professionals dissenyades per cada una de les fam\u00edlies professionals participants a l&#8217;esdeveniment de promoci\u00f3 de l&#8217;FP a Menorca Ens trobar\u00e0s al pr\u00f2xim esdeveniment de Fes-te Pro al ParcBit d&#8217;Alaior els propers dies 11, 12 i&hellip;<\/p>\n","protected":false},"author":1,"featured_media":156,"comment_status":"closed","ping_status":"closed","sticky":false,"template":"","format":"standard","meta":{"footnotes":""},"categories":[1],"tags":[],"class_list":["post-109","post","type-post","status-publish","format-standard","has-post-thumbnail","hentry","category-general","post-has-thumbnail"],"_links":{"self":[{"href":"https:\/\/www.iespasqualcalbo.cat\/blocs\/mecanitzat\/wp-json\/wp\/v2\/posts\/109","targetHints":{"allow":["GET"]}}],"collection":[{"href":"https:\/\/www.iespasqualcalbo.cat\/blocs\/mecanitzat\/wp-json\/wp\/v2\/posts"}],"about":[{"href":"https:\/\/www.iespasqualcalbo.cat\/blocs\/mecanitzat\/wp-json\/wp\/v2\/types\/post"}],"author":[{"embeddable":true,"href":"https:\/\/www.iespasqualcalbo.cat\/blocs\/mecanitzat\/wp-json\/wp\/v2\/users\/1"}],"replies":[{"embeddable":true,"href":"https:\/\/www.iespasqualcalbo.cat\/blocs\/mecanitzat\/wp-json\/wp\/v2\/comments?post=109"}],"version-history":[{"count":0,"href":"https:\/\/www.iespasqualcalbo.cat\/blocs\/mecanitzat\/wp-json\/wp\/v2\/posts\/109\/revisions"}],"wp:featuredmedia":[{"embeddable":true,"href":"https:\/\/www.iespasqualcalbo.cat\/blocs\/mecanitzat\/wp-json\/wp\/v2\/media\/156"}],"wp:attachment":[{"href":"https:\/\/www.iespasqualcalbo.cat\/blocs\/mecanitzat\/wp-json\/wp\/v2\/media?parent=109"}],"wp:term":[{"taxonomy":"category","embeddable":true,"href":"https:\/\/www.iespasqualcalbo.cat\/blocs\/mecanitzat\/wp-json\/wp\/v2\/categories?post=109"},{"taxonomy":"post_tag","embeddable":true,"href":"https:\/\/www.iespasqualcalbo.cat\/blocs\/mecanitzat\/wp-json\/wp\/v2\/tags?post=109"}],"curies":[{"name":"wp","href":"https:\/\/api.w.org\/{rel}","templated":true}]}}