{"id":6519,"date":"2026-03-06T11:46:57","date_gmt":"2026-03-06T09:46:57","guid":{"rendered":"https:\/\/www.iespasqualcalbo.cat\/blocs\/inici\/?p=6519"},"modified":"2026-03-06T11:49:11","modified_gmt":"2026-03-06T09:49:11","slug":"inscripcio-a-proves-dacces-a-gmitja-i-gsuperior-dfp-2026","status":"publish","type":"post","link":"https:\/\/www.iespasqualcalbo.cat\/blocs\/inici\/2026\/03\/06\/inscripcio-a-proves-dacces-a-gmitja-i-gsuperior-dfp-2026\/","title":{"rendered":"Inscripci\u00f3 a PROVES D&#8217;ACC\u00c9S a GMitj\u00e0 i GSuperior d&#8217;FP 2026"},"content":{"rendered":"\n<div style=\"height:44px\" aria-hidden=\"true\" class=\"wp-block-spacer\"><\/div>\n\n\n\n<p class=\"has-medium-font-size\">Del dia <strong>5 al dia 18 de mar\u00e7<\/strong> s&#8217;ha obert el termini d&#8217;inscripcions a les proves d&#8217;acc\u00e9s a GM i GS d&#8217;FP.<\/p>\n\n\n\n<div style=\"height:44px\" aria-hidden=\"true\" class=\"wp-block-spacer\"><\/div>\n\n\n\n<p><strong><u>Requisits:<\/u><\/strong><\/p>\n\n\n\n<p>Proves d&#8217;acc\u00e9s a Grau mitj\u00e0: qualsevol persona que enguany compleixi els 17 anys<\/p>\n\n\n\n<p>Proves d&#8217;acc\u00e9s a Grau superior: qualsevol persona que enguany compleixi els 19 anys<\/p>\n\n\n\n<div style=\"height:44px\" aria-hidden=\"true\" class=\"wp-block-spacer\"><\/div>\n\n\n\n<p><\/p>\n\n\n\n<p><strong><em><a href=\"https:\/\/www.iespasqualcalbo.cat\/blocs\/inici\/estudis\/proves-dacces\/\" target=\"_blank\" rel=\"noreferrer noopener\">M\u00e9s informaci\u00f3<\/a><\/em><\/strong><\/p>\n","protected":false},"excerpt":{"rendered":"<p>Del dia 5 al dia 18 de mar\u00e7 s&#8217;ha obert el termini d&#8217;inscripcions a les proves d&#8217;acc\u00e9s a GM i GS d&#8217;FP. Requisits: Proves d&#8217;acc\u00e9s a Grau mitj\u00e0: qualsevol persona que enguany compleixi els 17 anys Proves d&#8217;acc\u00e9s a Grau superior: qualsevol persona que enguany compleixi els 19 anys M\u00e9s informaci\u00f3<\/p>\n","protected":false},"author":1,"featured_media":0,"comment_status":"closed","ping_status":"open","sticky":false,"template":"","format":"standard","meta":{"footnotes":""},"categories":[10,11],"tags":[],"class_list":["post-6519","post","type-post","status-publish","format-standard","hentry","category-actualitat","category-avisos"],"_links":{"self":[{"href":"https:\/\/www.iespasqualcalbo.cat\/blocs\/inici\/wp-json\/wp\/v2\/posts\/6519","targetHints":{"allow":["GET"]}}],"collection":[{"href":"https:\/\/www.iespasqualcalbo.cat\/blocs\/inici\/wp-json\/wp\/v2\/posts"}],"about":[{"href":"https:\/\/www.iespasqualcalbo.cat\/blocs\/inici\/wp-json\/wp\/v2\/types\/post"}],"author":[{"embeddable":true,"href":"https:\/\/www.iespasqualcalbo.cat\/blocs\/inici\/wp-json\/wp\/v2\/users\/1"}],"replies":[{"embeddable":true,"href":"https:\/\/www.iespasqualcalbo.cat\/blocs\/inici\/wp-json\/wp\/v2\/comments?post=6519"}],"version-history":[{"count":4,"href":"https:\/\/www.iespasqualcalbo.cat\/blocs\/inici\/wp-json\/wp\/v2\/posts\/6519\/revisions"}],"predecessor-version":[{"id":6523,"href":"https:\/\/www.iespasqualcalbo.cat\/blocs\/inici\/wp-json\/wp\/v2\/posts\/6519\/revisions\/6523"}],"wp:attachment":[{"href":"https:\/\/www.iespasqualcalbo.cat\/blocs\/inici\/wp-json\/wp\/v2\/media?parent=6519"}],"wp:term":[{"taxonomy":"category","embeddable":true,"href":"https:\/\/www.iespasqualcalbo.cat\/blocs\/inici\/wp-json\/wp\/v2\/categories?post=6519"},{"taxonomy":"post_tag","embeddable":true,"href":"https:\/\/www.iespasqualcalbo.cat\/blocs\/inici\/wp-json\/wp\/v2\/tags?post=6519"}],"curies":[{"name":"wp","href":"https:\/\/api.w.org\/{rel}","templated":true}]}}