{"id":6206,"date":"2025-07-18T11:42:27","date_gmt":"2025-07-18T09:42:27","guid":{"rendered":"https:\/\/www.iespasqualcalbo.cat\/blocs\/inici\/?p=6206"},"modified":"2025-07-18T11:43:17","modified_gmt":"2025-07-18T09:43:17","slug":"lluriac-ferrer-i-alfocea-guanya-el-premi-dinvestigacio-del-consell-social-de-la-uib","status":"publish","type":"post","link":"https:\/\/www.iespasqualcalbo.cat\/blocs\/inici\/2025\/07\/18\/lluriac-ferrer-i-alfocea-guanya-el-premi-dinvestigacio-del-consell-social-de-la-uib\/","title":{"rendered":"Lluriac Ferrer i Alfocea guanya el Premi d&#8217;investigaci\u00f3 del Consell Social de la UIB"},"content":{"rendered":"\n<p>\ud83d\udce3 Estem d&#8217;enhorabona!<\/p>\n\n\n\n<p>\ud83e\udd47 El nostre alumne de 2n de batxillerat Lluriac Ferrer i Alfocea, matr\u00edcula d&#8217;honor del batxillerat i alumne del programa d&#8217;ensenyaments integrats (PEI) del Conservatori de M\u00fasica de Menorca, ha guanyat el Premi Consell Social de la Universitat de les Illes Balears (UIB) amb el seu treball de recerca &#8220;Fabiols i fabiolers: passat i present d&#8217;una figura clau de les festes de Menorca.&#8221;<br>Aquest premi reconeix l&#8217;esfor\u00e7 i el talent de l&#8217;alumnat de batxillerat.<\/p>\n\n\n\n<p>En Lluriac el curs que ve estudiar\u00e0 hist\u00f2ria a la UIB i ho compaginar\u00e0 tamb\u00e9 amb els estudis superiors de viol\u00ed al Conservatori Superior de M\u00fasica de les Illes Balears (CSMIB).<\/p>\n\n\n\n<p>\ud83d\udcac Enhorabona, Lluriac! Et desitgem molta sort en aquesta nova etapa que tot just comen\u00e7a.<\/p>\n\n\n\n<div style=\"height:40px\" aria-hidden=\"true\" class=\"wp-block-spacer\"><\/div>\n\n\n<div class=\"wp-block-image\">\n<figure class=\"aligncenter size-large\"><img fetchpriority=\"high\" decoding=\"async\" width=\"1030\" height=\"773\" src=\"https:\/\/www.iespasqualcalbo.cat\/blocs\/inici\/wp-content\/uploads\/sites\/26\/2025\/07\/lluriac-ferrer-1030x773.jpeg\" alt=\"\" class=\"wp-image-6207\" srcset=\"https:\/\/www.iespasqualcalbo.cat\/blocs\/inici\/wp-content\/uploads\/sites\/26\/2025\/07\/lluriac-ferrer-1030x773.jpeg 1030w, https:\/\/www.iespasqualcalbo.cat\/blocs\/inici\/wp-content\/uploads\/sites\/26\/2025\/07\/lluriac-ferrer-300x225.jpeg 300w, https:\/\/www.iespasqualcalbo.cat\/blocs\/inici\/wp-content\/uploads\/sites\/26\/2025\/07\/lluriac-ferrer-768x576.jpeg 768w, https:\/\/www.iespasqualcalbo.cat\/blocs\/inici\/wp-content\/uploads\/sites\/26\/2025\/07\/lluriac-ferrer-1536x1152.jpeg 1536w, https:\/\/www.iespasqualcalbo.cat\/blocs\/inici\/wp-content\/uploads\/sites\/26\/2025\/07\/lluriac-ferrer.jpeg 2048w\" sizes=\"(max-width: 1030px) 100vw, 1030px\" \/><\/figure><\/div>","protected":false},"excerpt":{"rendered":"<p>\ud83d\udce3 Estem d&#8217;enhorabona! \ud83e\udd47 El nostre alumne de 2n de batxillerat Lluriac Ferrer i Alfocea, matr\u00edcula d&#8217;honor del batxillerat i alumne del programa d&#8217;ensenyaments integrats (PEI) del Conservatori de M\u00fasica de Menorca, ha guanyat el Premi Consell Social de la Universitat de les Illes Balears (UIB) amb el seu treball de recerca &#8220;Fabiols i fabiolers: [&hellip;]<\/p>\n","protected":false},"author":1,"featured_media":6207,"comment_status":"closed","ping_status":"open","sticky":false,"template":"","format":"standard","meta":{"footnotes":""},"categories":[10],"tags":[],"class_list":["post-6206","post","type-post","status-publish","format-standard","has-post-thumbnail","hentry","category-actualitat"],"_links":{"self":[{"href":"https:\/\/www.iespasqualcalbo.cat\/blocs\/inici\/wp-json\/wp\/v2\/posts\/6206","targetHints":{"allow":["GET"]}}],"collection":[{"href":"https:\/\/www.iespasqualcalbo.cat\/blocs\/inici\/wp-json\/wp\/v2\/posts"}],"about":[{"href":"https:\/\/www.iespasqualcalbo.cat\/blocs\/inici\/wp-json\/wp\/v2\/types\/post"}],"author":[{"embeddable":true,"href":"https:\/\/www.iespasqualcalbo.cat\/blocs\/inici\/wp-json\/wp\/v2\/users\/1"}],"replies":[{"embeddable":true,"href":"https:\/\/www.iespasqualcalbo.cat\/blocs\/inici\/wp-json\/wp\/v2\/comments?post=6206"}],"version-history":[{"count":2,"href":"https:\/\/www.iespasqualcalbo.cat\/blocs\/inici\/wp-json\/wp\/v2\/posts\/6206\/revisions"}],"predecessor-version":[{"id":6209,"href":"https:\/\/www.iespasqualcalbo.cat\/blocs\/inici\/wp-json\/wp\/v2\/posts\/6206\/revisions\/6209"}],"wp:featuredmedia":[{"embeddable":true,"href":"https:\/\/www.iespasqualcalbo.cat\/blocs\/inici\/wp-json\/wp\/v2\/media\/6207"}],"wp:attachment":[{"href":"https:\/\/www.iespasqualcalbo.cat\/blocs\/inici\/wp-json\/wp\/v2\/media?parent=6206"}],"wp:term":[{"taxonomy":"category","embeddable":true,"href":"https:\/\/www.iespasqualcalbo.cat\/blocs\/inici\/wp-json\/wp\/v2\/categories?post=6206"},{"taxonomy":"post_tag","embeddable":true,"href":"https:\/\/www.iespasqualcalbo.cat\/blocs\/inici\/wp-json\/wp\/v2\/tags?post=6206"}],"curies":[{"name":"wp","href":"https:\/\/api.w.org\/{rel}","templated":true}]}}