{"id":5640,"date":"2024-12-02T08:26:58","date_gmt":"2024-12-02T06:26:58","guid":{"rendered":"https:\/\/www.iespasqualcalbo.cat\/blocs\/inici\/?p=5640"},"modified":"2024-12-02T08:48:40","modified_gmt":"2024-12-02T06:48:40","slug":"convocatories-erasmus","status":"publish","type":"post","link":"https:\/\/www.iespasqualcalbo.cat\/blocs\/inici\/2024\/12\/02\/convocatories-erasmus\/","title":{"rendered":"Convocatories Erasmus +"},"content":{"rendered":"\n<p>Oberta la convocat\u00f2ria Erasmus+ per a tot l&#8217;alumnat de cicles de formaci\u00f3 professional de grau b\u00e0sic, grau mitj\u00e0 i grau superior que puguin estar interessats en fer el seu per\u00edode&nbsp;de pr\u00e0ctiques a un pa\u00eds&nbsp;de la Uni\u00f3 Europea.<\/p>\n\n\n\n<p>El termini per presentar tota la documentaci\u00f3 ser\u00e0: Dilluns 2 de desembre&nbsp;fins al 16 de desembre de 2024 a les 13:30 hores.<\/p>\n\n\n\n<p>Del&nbsp;&nbsp;10 fins al 15 de gener de 2025&nbsp;l&#8217;alumnat podr\u00e0 realitzar les reclamacions que consideri oportunes.&nbsp;El llistat definitiu es publicar\u00e0 20 de gener de 2025.<\/p>\n\n\n\n<p class=\"has-vivid-red-color has-text-color has-link-color wp-elements-bae7b8494381ccef2354c875b22e66fb\" style=\"font-size:25px\"><a href=\"https:\/\/www.iespasqualcalbo.cat\/blocs\/inici\/erasmus-2\/\"><strong>M\u00e9s informaci\u00f3<\/strong><\/a><\/p>\n","protected":false},"excerpt":{"rendered":"<p>Oberta la convocat\u00f2ria Erasmus+ per a tot l&#8217;alumnat de cicles de formaci\u00f3 professional de grau b\u00e0sic, grau mitj\u00e0 i grau superior que puguin estar interessats en fer el seu per\u00edode&nbsp;de pr\u00e0ctiques a un pa\u00eds&nbsp;de la Uni\u00f3 Europea. El termini per presentar tota la documentaci\u00f3 ser\u00e0: Dilluns 2 de desembre&nbsp;fins al 16 de desembre de 2024 [&hellip;]<\/p>\n","protected":false},"author":1,"featured_media":0,"comment_status":"closed","ping_status":"open","sticky":false,"template":"","format":"standard","meta":{"footnotes":""},"categories":[10,11],"tags":[],"class_list":["post-5640","post","type-post","status-publish","format-standard","hentry","category-actualitat","category-avisos"],"_links":{"self":[{"href":"https:\/\/www.iespasqualcalbo.cat\/blocs\/inici\/wp-json\/wp\/v2\/posts\/5640","targetHints":{"allow":["GET"]}}],"collection":[{"href":"https:\/\/www.iespasqualcalbo.cat\/blocs\/inici\/wp-json\/wp\/v2\/posts"}],"about":[{"href":"https:\/\/www.iespasqualcalbo.cat\/blocs\/inici\/wp-json\/wp\/v2\/types\/post"}],"author":[{"embeddable":true,"href":"https:\/\/www.iespasqualcalbo.cat\/blocs\/inici\/wp-json\/wp\/v2\/users\/1"}],"replies":[{"embeddable":true,"href":"https:\/\/www.iespasqualcalbo.cat\/blocs\/inici\/wp-json\/wp\/v2\/comments?post=5640"}],"version-history":[{"count":3,"href":"https:\/\/www.iespasqualcalbo.cat\/blocs\/inici\/wp-json\/wp\/v2\/posts\/5640\/revisions"}],"predecessor-version":[{"id":5657,"href":"https:\/\/www.iespasqualcalbo.cat\/blocs\/inici\/wp-json\/wp\/v2\/posts\/5640\/revisions\/5657"}],"wp:attachment":[{"href":"https:\/\/www.iespasqualcalbo.cat\/blocs\/inici\/wp-json\/wp\/v2\/media?parent=5640"}],"wp:term":[{"taxonomy":"category","embeddable":true,"href":"https:\/\/www.iespasqualcalbo.cat\/blocs\/inici\/wp-json\/wp\/v2\/categories?post=5640"},{"taxonomy":"post_tag","embeddable":true,"href":"https:\/\/www.iespasqualcalbo.cat\/blocs\/inici\/wp-json\/wp\/v2\/tags?post=5640"}],"curies":[{"name":"wp","href":"https:\/\/api.w.org\/{rel}","templated":true}]}}