{"id":4736,"date":"2023-11-06T11:05:29","date_gmt":"2023-11-06T09:05:29","guid":{"rendered":"https:\/\/www.iespasqualcalbo.cat\/blocs\/inici\/?p=4736"},"modified":"2023-11-06T11:06:12","modified_gmt":"2023-11-06T09:06:12","slug":"xerrades-per-a-families","status":"publish","type":"post","link":"https:\/\/www.iespasqualcalbo.cat\/blocs\/inici\/2023\/11\/06\/xerrades-per-a-families\/","title":{"rendered":"Xerrades per a fam\u00edlies"},"content":{"rendered":"\n<p><strong><mark style=\"background-color:rgba(0, 0, 0, 0)\" class=\"has-inline-color has-vivid-red-color\">9.11.23.\u00a019:30H\u00a0A LA BIBLIOTECA DEL CENTRE<\/mark><\/strong><\/p>\n\n\n\n<p><strong><u>Xerrada per a fam\u00edlies .Victimisme vs. Protagonisme<\/u><\/strong><\/p>\n\n\n\n<p>Gaspar Roura (Coach)<\/p>\n\n\n\n<p>Es parlar\u00e0 de les perspectives que es poden adoptar davant una\u00a0problem\u00e0tica\u00a0(v\u00edctima\u00a0VS. protagonista). S&#8217;analitzar\u00e0 com es pot afrontar el problema i com passar d&#8217;un rol a l&#8217;altre.<\/p>\n\n\n\n<div style=\"height:45px\" aria-hidden=\"true\" class=\"wp-block-spacer\"><\/div>\n\n\n\n<p><strong><mark style=\"background-color:rgba(0, 0, 0, 0)\" class=\"has-inline-color has-vivid-red-color\">13.11.23 &#8211;\u00a019:30H\u00a0A LA BIBLIOTECA DEL CENTRE<\/mark><\/strong><\/p>\n\n\n\n<p><strong><u>Xerrada per a fam\u00edlies:&nbsp;M\u00f3n real vs. m\u00f3n virtual<\/u><\/strong><\/p>\n\n\n\n<p>A c\u00e2rrec de&nbsp;Pol Mercadal Benejam (Integrador i educador social,&nbsp;Terapeuta sist\u00e8mic familiar,&nbsp;Coach esportiu)<\/p>\n\n\n\n<p>La tecnologia ha incrementat molt els graus de frustraci\u00f3 social, per la divisi\u00f3 entre dos mons parallels i totalment diferents.<\/p>\n\n\n\n<p>Parlarem de l&#8217;impacte i seus efectes\u00a0sobre\u00a0el\u00a0nostre\u00a0funcionament\u00a0cerebral.<\/p>\n\n\n\n<div style=\"height:58px\" aria-hidden=\"true\" class=\"wp-block-spacer\"><\/div>\n\n\n\n<div class=\"wp-block-image\"><figure class=\"aligncenter size-large is-resized\"><img fetchpriority=\"high\" decoding=\"async\" src=\"https:\/\/www.iespasqualcalbo.cat\/blocs\/inici\/wp-content\/uploads\/sites\/26\/2023\/11\/IMG_3146-728x1030.jpg\" alt=\"\" class=\"wp-image-4737\" width=\"539\" height=\"763\" srcset=\"https:\/\/www.iespasqualcalbo.cat\/blocs\/inici\/wp-content\/uploads\/sites\/26\/2023\/11\/IMG_3146-728x1030.jpg 728w, https:\/\/www.iespasqualcalbo.cat\/blocs\/inici\/wp-content\/uploads\/sites\/26\/2023\/11\/IMG_3146-212x300.jpg 212w, https:\/\/www.iespasqualcalbo.cat\/blocs\/inici\/wp-content\/uploads\/sites\/26\/2023\/11\/IMG_3146-768x1086.jpg 768w, https:\/\/www.iespasqualcalbo.cat\/blocs\/inici\/wp-content\/uploads\/sites\/26\/2023\/11\/IMG_3146-1086x1536.jpg 1086w, https:\/\/www.iespasqualcalbo.cat\/blocs\/inici\/wp-content\/uploads\/sites\/26\/2023\/11\/IMG_3146-1448x2048.jpg 1448w, https:\/\/www.iespasqualcalbo.cat\/blocs\/inici\/wp-content\/uploads\/sites\/26\/2023\/11\/IMG_3146-scaled.jpg 1810w\" sizes=\"(max-width: 539px) 100vw, 539px\" \/><\/figure><\/div>\n\n\n\n<div class=\"wp-block-image\"><figure class=\"aligncenter size-large is-resized\"><img decoding=\"async\" src=\"https:\/\/www.iespasqualcalbo.cat\/blocs\/inici\/wp-content\/uploads\/sites\/26\/2023\/11\/IMG_3145-728x1030.jpg\" alt=\"\" class=\"wp-image-4738\" width=\"527\" height=\"746\" srcset=\"https:\/\/www.iespasqualcalbo.cat\/blocs\/inici\/wp-content\/uploads\/sites\/26\/2023\/11\/IMG_3145-728x1030.jpg 728w, https:\/\/www.iespasqualcalbo.cat\/blocs\/inici\/wp-content\/uploads\/sites\/26\/2023\/11\/IMG_3145-212x300.jpg 212w, https:\/\/www.iespasqualcalbo.cat\/blocs\/inici\/wp-content\/uploads\/sites\/26\/2023\/11\/IMG_3145-768x1086.jpg 768w, https:\/\/www.iespasqualcalbo.cat\/blocs\/inici\/wp-content\/uploads\/sites\/26\/2023\/11\/IMG_3145-1086x1536.jpg 1086w, https:\/\/www.iespasqualcalbo.cat\/blocs\/inici\/wp-content\/uploads\/sites\/26\/2023\/11\/IMG_3145-1448x2048.jpg 1448w, https:\/\/www.iespasqualcalbo.cat\/blocs\/inici\/wp-content\/uploads\/sites\/26\/2023\/11\/IMG_3145-scaled.jpg 1810w\" sizes=\"(max-width: 527px) 100vw, 527px\" \/><\/figure><\/div>\n","protected":false},"excerpt":{"rendered":"<p>9.11.23.\u00a019:30H\u00a0A LA BIBLIOTECA DEL CENTRE Xerrada per a fam\u00edlies .Victimisme vs. Protagonisme Gaspar Roura (Coach) Es parlar\u00e0 de les perspectives que es poden adoptar davant una\u00a0problem\u00e0tica\u00a0(v\u00edctima\u00a0VS. protagonista). S&#8217;analitzar\u00e0 com es pot afrontar el problema i com passar d&#8217;un rol a l&#8217;altre. 13.11.23 &#8211;\u00a019:30H\u00a0A LA BIBLIOTECA DEL CENTRE Xerrada per a fam\u00edlies:&nbsp;M\u00f3n real vs. m\u00f3n virtual [&hellip;]<\/p>\n","protected":false},"author":1,"featured_media":4739,"comment_status":"open","ping_status":"open","sticky":false,"template":"","format":"standard","meta":{"footnotes":""},"categories":[10],"tags":[],"class_list":["post-4736","post","type-post","status-publish","format-standard","has-post-thumbnail","hentry","category-actualitat"],"_links":{"self":[{"href":"https:\/\/www.iespasqualcalbo.cat\/blocs\/inici\/wp-json\/wp\/v2\/posts\/4736","targetHints":{"allow":["GET"]}}],"collection":[{"href":"https:\/\/www.iespasqualcalbo.cat\/blocs\/inici\/wp-json\/wp\/v2\/posts"}],"about":[{"href":"https:\/\/www.iespasqualcalbo.cat\/blocs\/inici\/wp-json\/wp\/v2\/types\/post"}],"author":[{"embeddable":true,"href":"https:\/\/www.iespasqualcalbo.cat\/blocs\/inici\/wp-json\/wp\/v2\/users\/1"}],"replies":[{"embeddable":true,"href":"https:\/\/www.iespasqualcalbo.cat\/blocs\/inici\/wp-json\/wp\/v2\/comments?post=4736"}],"version-history":[{"count":2,"href":"https:\/\/www.iespasqualcalbo.cat\/blocs\/inici\/wp-json\/wp\/v2\/posts\/4736\/revisions"}],"predecessor-version":[{"id":4741,"href":"https:\/\/www.iespasqualcalbo.cat\/blocs\/inici\/wp-json\/wp\/v2\/posts\/4736\/revisions\/4741"}],"wp:featuredmedia":[{"embeddable":true,"href":"https:\/\/www.iespasqualcalbo.cat\/blocs\/inici\/wp-json\/wp\/v2\/media\/4739"}],"wp:attachment":[{"href":"https:\/\/www.iespasqualcalbo.cat\/blocs\/inici\/wp-json\/wp\/v2\/media?parent=4736"}],"wp:term":[{"taxonomy":"category","embeddable":true,"href":"https:\/\/www.iespasqualcalbo.cat\/blocs\/inici\/wp-json\/wp\/v2\/categories?post=4736"},{"taxonomy":"post_tag","embeddable":true,"href":"https:\/\/www.iespasqualcalbo.cat\/blocs\/inici\/wp-json\/wp\/v2\/tags?post=4736"}],"curies":[{"name":"wp","href":"https:\/\/api.w.org\/{rel}","templated":true}]}}