{"id":3891,"date":"2022-12-18T18:15:35","date_gmt":"2022-12-18T16:15:35","guid":{"rendered":"https:\/\/www.iespasqualcalbo.cat\/blocs\/inici\/?p=3891"},"modified":"2022-12-20T10:33:48","modified_gmt":"2022-12-20T08:33:48","slug":"convocatoria-erasmus","status":"publish","type":"post","link":"https:\/\/www.iespasqualcalbo.cat\/blocs\/inici\/2022\/12\/18\/convocatoria-erasmus\/","title":{"rendered":"Convocat\u00f2ria Erasmus + 22-23"},"content":{"rendered":"\n<p><\/p>\n\n\n\n<div class=\"wp-block-file\"><a id=\"wp-block-file--media-e6a52e9d-07c2-46b2-95c6-e5d86676cc17\" href=\"https:\/\/www.iespasqualcalbo.cat\/blocs\/inici\/wp-content\/uploads\/sites\/26\/2022\/12\/CONVOCATORIA-BEQUES-FPB-i-GM-2022-2023.pdf\" target=\"_blank\" rel=\"noreferrer noopener\">Convocat\u00f2ria Beques Erasmus + Grau B\u00e0sic i Grau Mitj\u00e0 22-23<\/a><a href=\"https:\/\/www.iespasqualcalbo.cat\/blocs\/inici\/wp-content\/uploads\/sites\/26\/2022\/12\/CONVOCATORIA-BEQUES-FPB-i-GM-2022-2023.pdf\" class=\"wp-block-file__button\" download aria-describedby=\"wp-block-file--media-e6a52e9d-07c2-46b2-95c6-e5d86676cc17\">Baixa<\/a><\/div>\n\n\n\n<div class=\"wp-block-file\"><a id=\"wp-block-file--media-154cbcb9-978b-4b4d-8641-e9c8e50702fe\" href=\"https:\/\/www.iespasqualcalbo.cat\/blocs\/inici\/wp-content\/uploads\/sites\/26\/2022\/12\/CONVOCATORIA-Beques-GS-2022-2023.pdf\" target=\"_blank\" rel=\"noreferrer noopener\">Convocat\u00f2ria Beques Erasmus + Grau Superior 22-23<\/a><a href=\"https:\/\/www.iespasqualcalbo.cat\/blocs\/inici\/wp-content\/uploads\/sites\/26\/2022\/12\/CONVOCATORIA-Beques-GS-2022-2023.pdf\" class=\"wp-block-file__button\" download aria-describedby=\"wp-block-file--media-154cbcb9-978b-4b4d-8641-e9c8e50702fe\">Baixa<\/a><\/div>\n\n\n\n<div class=\"wp-block-file\"><a id=\"wp-block-file--media-91c117ae-e427-4ea1-89a0-c8bbb9aeec46\" href=\"https:\/\/www.iespasqualcalbo.cat\/blocs\/inici\/wp-content\/uploads\/sites\/26\/2022\/12\/CONVOCATORIA-ERASMUS-PRO..pdf\" target=\"_blank\" rel=\"noreferrer noopener\">Convocat\u00f2ria Beca Erasmus-Pro<\/a><a href=\"https:\/\/www.iespasqualcalbo.cat\/blocs\/inici\/wp-content\/uploads\/sites\/26\/2022\/12\/CONVOCATORIA-ERASMUS-PRO..pdf\" class=\"wp-block-file__button\" download aria-describedby=\"wp-block-file--media-91c117ae-e427-4ea1-89a0-c8bbb9aeec46\">Baixa<\/a><\/div>\n\n\n\n<p><\/p>\n","protected":false},"excerpt":{"rendered":"","protected":false},"author":1,"featured_media":0,"comment_status":"open","ping_status":"open","sticky":false,"template":"","format":"standard","meta":{"footnotes":""},"categories":[11],"tags":[],"class_list":["post-3891","post","type-post","status-publish","format-standard","hentry","category-avisos"],"_links":{"self":[{"href":"https:\/\/www.iespasqualcalbo.cat\/blocs\/inici\/wp-json\/wp\/v2\/posts\/3891","targetHints":{"allow":["GET"]}}],"collection":[{"href":"https:\/\/www.iespasqualcalbo.cat\/blocs\/inici\/wp-json\/wp\/v2\/posts"}],"about":[{"href":"https:\/\/www.iespasqualcalbo.cat\/blocs\/inici\/wp-json\/wp\/v2\/types\/post"}],"author":[{"embeddable":true,"href":"https:\/\/www.iespasqualcalbo.cat\/blocs\/inici\/wp-json\/wp\/v2\/users\/1"}],"replies":[{"embeddable":true,"href":"https:\/\/www.iespasqualcalbo.cat\/blocs\/inici\/wp-json\/wp\/v2\/comments?post=3891"}],"version-history":[{"count":4,"href":"https:\/\/www.iespasqualcalbo.cat\/blocs\/inici\/wp-json\/wp\/v2\/posts\/3891\/revisions"}],"predecessor-version":[{"id":3900,"href":"https:\/\/www.iespasqualcalbo.cat\/blocs\/inici\/wp-json\/wp\/v2\/posts\/3891\/revisions\/3900"}],"wp:attachment":[{"href":"https:\/\/www.iespasqualcalbo.cat\/blocs\/inici\/wp-json\/wp\/v2\/media?parent=3891"}],"wp:term":[{"taxonomy":"category","embeddable":true,"href":"https:\/\/www.iespasqualcalbo.cat\/blocs\/inici\/wp-json\/wp\/v2\/categories?post=3891"},{"taxonomy":"post_tag","embeddable":true,"href":"https:\/\/www.iespasqualcalbo.cat\/blocs\/inici\/wp-json\/wp\/v2\/tags?post=3891"}],"curies":[{"name":"wp","href":"https:\/\/api.w.org\/{rel}","templated":true}]}}