{"id":3635,"date":"2022-07-13T12:29:57","date_gmt":"2022-07-13T10:29:57","guid":{"rendered":"https:\/\/www.iespasqualcalbo.cat\/blocs\/inici\/?p=3635"},"modified":"2022-07-13T12:29:57","modified_gmt":"2022-07-13T10:29:57","slug":"matricula-fp-curs-22-23","status":"publish","type":"post","link":"https:\/\/www.iespasqualcalbo.cat\/blocs\/inici\/2022\/07\/13\/matricula-fp-curs-22-23\/","title":{"rendered":"MATR\u00cdCULA FP curs 22-23"},"content":{"rendered":"\n<p>Alumnat preinscrit als ensenyaments d&#8217;FP de l&#8217;IES Pasqual Calb\u00f3 i Cald\u00e9s s&#8217;ha de matricular entre els dies <strong>20, 21 i 22 de juliol amb cita pr\u00e8via<\/strong>.<\/p>\n\n\n\n<p>Ja es pot demanar<strong> cita pr\u00e8via <\/strong>al tel\u00e8fon<strong> 971 36 93 90<\/strong> (de 9:00&#8242; a 13:30&#8242;)<\/p>\n","protected":false},"excerpt":{"rendered":"<p>Alumnat preinscrit als ensenyaments d&#8217;FP de l&#8217;IES Pasqual Calb\u00f3 i Cald\u00e9s s&#8217;ha de matricular entre els dies 20, 21 i 22 de juliol amb cita pr\u00e8via. Ja es pot demanar cita pr\u00e8via al tel\u00e8fon 971 36 93 90 (de 9:00&#8242; a 13:30&#8242;)<\/p>\n","protected":false},"author":1,"featured_media":0,"comment_status":"open","ping_status":"open","sticky":false,"template":"","format":"standard","meta":{"footnotes":""},"categories":[10,11],"tags":[],"class_list":["post-3635","post","type-post","status-publish","format-standard","hentry","category-actualitat","category-avisos"],"_links":{"self":[{"href":"https:\/\/www.iespasqualcalbo.cat\/blocs\/inici\/wp-json\/wp\/v2\/posts\/3635","targetHints":{"allow":["GET"]}}],"collection":[{"href":"https:\/\/www.iespasqualcalbo.cat\/blocs\/inici\/wp-json\/wp\/v2\/posts"}],"about":[{"href":"https:\/\/www.iespasqualcalbo.cat\/blocs\/inici\/wp-json\/wp\/v2\/types\/post"}],"author":[{"embeddable":true,"href":"https:\/\/www.iespasqualcalbo.cat\/blocs\/inici\/wp-json\/wp\/v2\/users\/1"}],"replies":[{"embeddable":true,"href":"https:\/\/www.iespasqualcalbo.cat\/blocs\/inici\/wp-json\/wp\/v2\/comments?post=3635"}],"version-history":[{"count":1,"href":"https:\/\/www.iespasqualcalbo.cat\/blocs\/inici\/wp-json\/wp\/v2\/posts\/3635\/revisions"}],"predecessor-version":[{"id":3636,"href":"https:\/\/www.iespasqualcalbo.cat\/blocs\/inici\/wp-json\/wp\/v2\/posts\/3635\/revisions\/3636"}],"wp:attachment":[{"href":"https:\/\/www.iespasqualcalbo.cat\/blocs\/inici\/wp-json\/wp\/v2\/media?parent=3635"}],"wp:term":[{"taxonomy":"category","embeddable":true,"href":"https:\/\/www.iespasqualcalbo.cat\/blocs\/inici\/wp-json\/wp\/v2\/categories?post=3635"},{"taxonomy":"post_tag","embeddable":true,"href":"https:\/\/www.iespasqualcalbo.cat\/blocs\/inici\/wp-json\/wp\/v2\/tags?post=3635"}],"curies":[{"name":"wp","href":"https:\/\/api.w.org\/{rel}","templated":true}]}}