{"id":925,"date":"2017-11-08T13:05:30","date_gmt":"2017-11-08T11:05:30","guid":{"rendered":"http:\/\/iespasqualcalbo.cat\/blocs\/europa\/?p=925"},"modified":"2017-11-08T13:05:30","modified_gmt":"2017-11-08T11:05:30","slug":"la-professora-sonia-agut-realitza-una-setmana-de-formacio-a-estonia","status":"publish","type":"post","link":"https:\/\/www.iespasqualcalbo.cat\/blocs\/europa\/2017\/11\/08\/la-professora-sonia-agut-realitza-una-setmana-de-formacio-a-estonia\/","title":{"rendered":"La professora Sonia Agut realitza una setmana de formaci\u00f3 a Est\u00f2nia"},"content":{"rendered":"<h2 class=\"western\" align=\"justify\"><span style=\"font-family: Book Antiqua,serif\"><span style=\"font-size: large\"><span lang=\"ca-ES\">S<\/span><\/span><\/span><span style=\"font-family: Book Antiqua,serif\"><span style=\"font-size: large\"><span lang=\"ca-ES\">onia Agut, professora del CFGS de Prevenci\u00f3 de Riscos Professionals, ha viatjat fins a Est\u00f2nia per dur a terme una setmana de formaci\u00f3 <\/span><\/span><\/span><span style=\"font-family: Book Antiqua,serif\"><span style=\"font-size: large\"><span lang=\"ca-ES\"><b>a la Universitat de Tallin<\/b><\/span><\/span><\/span><span style=\"font-family: Book Antiqua,serif\"><span style=\"font-size: large\"><span lang=\"ca-ES\"><b>n<\/b><\/span><\/span><\/span><span style=\"font-family: Book Antiqua,serif\"><span style=\"font-size: large\"><span lang=\"ca-ES\"><b> i al<\/b><\/span><\/span><\/span> <span style=\"font-family: Book Antiqua,serif\"><span style=\"font-size: large\"><span lang=\"ca-ES\"><b>centre de Formaci\u00f3 Professional Tehnikakorggkool. <\/b><\/span><\/span><\/span><\/h2>\n<h2 class=\"western\" align=\"justify\"><\/h2>\n<p><a href=\"http:\/\/iespasqualcalbo.cat\/blocs\/wp-content\/uploads\/sites\/14\/2017\/11\/Sonia-Agut-a-Tallin-2.jpg\"><img fetchpriority=\"high\" decoding=\"async\" class=\"alignright size-medium wp-image-926\" src=\"http:\/\/iespasqualcalbo.cat\/blocs\/wp-content\/uploads\/sites\/14\/2017\/11\/Sonia-Agut-a-Tallin-2-273x300.jpg\" alt=\"\" width=\"273\" height=\"300\" srcset=\"https:\/\/www.iespasqualcalbo.cat\/blocs\/europa\/wp-content\/uploads\/sites\/14\/2017\/11\/Sonia-Agut-a-Tallin-2-273x300.jpg 273w, https:\/\/www.iespasqualcalbo.cat\/blocs\/europa\/wp-content\/uploads\/sites\/14\/2017\/11\/Sonia-Agut-a-Tallin-2-768x845.jpg 768w, https:\/\/www.iespasqualcalbo.cat\/blocs\/europa\/wp-content\/uploads\/sites\/14\/2017\/11\/Sonia-Agut-a-Tallin-2-930x1024.jpg 930w, https:\/\/www.iespasqualcalbo.cat\/blocs\/europa\/wp-content\/uploads\/sites\/14\/2017\/11\/Sonia-Agut-a-Tallin-2.jpg 1499w\" sizes=\"(max-width: 273px) 100vw, 273px\" \/><\/a><a href=\"http:\/\/iespasqualcalbo.cat\/blocs\/wp-content\/uploads\/sites\/14\/2017\/11\/Tallin-Technical-School.jpg\"><img decoding=\"async\" class=\"alignright size-medium wp-image-927\" src=\"http:\/\/iespasqualcalbo.cat\/blocs\/wp-content\/uploads\/sites\/14\/2017\/11\/Tallin-Technical-School-300x225.jpg\" alt=\"\" width=\"300\" height=\"225\" srcset=\"https:\/\/www.iespasqualcalbo.cat\/blocs\/europa\/wp-content\/uploads\/sites\/14\/2017\/11\/Tallin-Technical-School-300x225.jpg 300w, https:\/\/www.iespasqualcalbo.cat\/blocs\/europa\/wp-content\/uploads\/sites\/14\/2017\/11\/Tallin-Technical-School-768x576.jpg 768w, https:\/\/www.iespasqualcalbo.cat\/blocs\/europa\/wp-content\/uploads\/sites\/14\/2017\/11\/Tallin-Technical-School-1024x768.jpg 1024w\" sizes=\"(max-width: 300px) 100vw, 300px\" \/><\/a><\/p>\n<p>&nbsp;<\/p>\n<p>&nbsp;<\/p>\n<h2 align=\"justify\"><\/h2>\n<h2 align=\"justify\"><\/h2>\n<h2 align=\"justify\"><\/h2>\n<h2 align=\"justify\"><\/h2>\n<h2 class=\"western\" align=\"justify\"><span style=\"font-family: Book Antiqua,serif\"><span style=\"font-size: large\"><span lang=\"ca-ES\">En aquest centres educatius<\/span><\/span><\/span><b> <\/b><span style=\"font-family: Book Antiqua,serif\"><span style=\"font-size: large\"><span lang=\"ca-ES\">actualment s\u2019imparteixen estudis d\u2019enginyeria mec\u00e0nica, enginyeria automotriu, arquitectura, enginyeria civil, enginyeria t\u00e8xtil, enginyeria el\u00e8ctrica, enginyeria ambiental, transport i log\u00edstica, producci\u00f3, enginyeria ferrovi\u00e0ria i d\u2019an\u00e0lisis cl\u00ednics.<\/span><\/span><\/span><\/h2>\n<p class=\"western\" lang=\"es-ES\" align=\"justify\"><span style=\"font-family: Book Antiqua,serif\"><span style=\"font-size: large\"><span lang=\"ca-ES\">Durant aquesta setmana aquesta professora tindr\u00e0 l\u2019oportunitat d\u2019assistir a diferents classes i compartir experi\u00e8ncies el amb professorat local per a<\/span><\/span><\/span><span style=\"font-family: Book Antiqua,serif\"><span style=\"font-size: large\"><span lang=\"ca-ES\">prendre <\/span><\/span><\/span><span style=\"font-family: Book Antiqua,serif\"><span style=\"font-size: large\"><span lang=\"ca-ES\">noves<\/span><\/span><\/span><span style=\"font-family: Book Antiqua,serif\"><span style=\"font-size: large\"><span lang=\"ca-ES\"> metodologies d&#8217;ensenyament. <\/span><\/span><\/span><\/p>\n<p class=\"western\" lang=\"es-ES\" align=\"justify\"><span style=\"font-family: Book Antiqua,serif\"><span style=\"font-size: large\"><span lang=\"ca-ES\">A m\u00e9s, podr\u00e0 c<\/span><span lang=\"ca-ES\">on\u00e8ixer l&#8217;organitzaci\u00f3 i <\/span><span lang=\"ca-ES\">l<\/span><span lang=\"ca-ES\">es principals caracter\u00edstiques del Sistema Educatiu <\/span><span lang=\"ca-ES\">d\u2019Est\u00f2nia, <\/span><span lang=\"ca-ES\">aix\u00ed com con\u00e8ixer l\u2019experi\u00e8ncia dels estudiants locals. <\/span><\/span><\/span><\/p>\n<p class=\"western\" lang=\"es-ES\" align=\"justify\"><span style=\"font-family: Book Antiqua,serif\"><span style=\"font-size: large\"><span lang=\"ca-ES\">A<\/span><span lang=\"ca-ES\">questa estada formativa \u00e9s possible gr\u00e0cies a la participaci\u00f3 del nostre centre en el programa europeu ERASMUS+, en concret als diferents projectes de Mobilitat per FP B\u00e0sica, Grau Mitj\u00e0 i Grau Superior. <\/span><\/span><\/span><\/p>\n<p lang=\"es-ES\" align=\"justify\">La seva estada formativa ha estat <a href=\"http:\/\/menorcaaldia.com\/2017\/11\/08\/de-menorca-a-estonia\/\">not\u00edcia <\/a>al diari digital <strong>Menorca al dia<\/strong>.<\/p>\n","protected":false},"excerpt":{"rendered":"<p>Sonia Agut, professora del CFGS de Prevenci\u00f3 de Riscos Professionals, ha viatjat fins a Est\u00f2nia per dur a terme una setmana de formaci\u00f3 a la Universitat de Tallinn i al centre de Formaci\u00f3 Professional Tehnikakorggkool. &nbsp; &nbsp; En aquest centres &hellip; <a href=\"https:\/\/www.iespasqualcalbo.cat\/blocs\/europa\/2017\/11\/08\/la-professora-sonia-agut-realitza-una-setmana-de-formacio-a-estonia\/\">Continua llegint <span class=\"meta-nav\">&rarr;<\/span><\/a> <a href=\"https:\/\/www.iespasqualcalbo.cat\/blocs\/europa\/2017\/11\/08\/la-professora-sonia-agut-realitza-una-setmana-de-formacio-a-estonia\/\">Continua llegint <span class=\"meta-nav\">&rarr;<\/span><\/a><\/p>\n","protected":false},"author":1,"featured_media":0,"comment_status":"closed","ping_status":"closed","sticky":false,"template":"","format":"standard","meta":{"footnotes":""},"categories":[2],"tags":[],"class_list":["post-925","post","type-post","status-publish","format-standard","hentry","category-uncategorized"],"_links":{"self":[{"href":"https:\/\/www.iespasqualcalbo.cat\/blocs\/europa\/wp-json\/wp\/v2\/posts\/925","targetHints":{"allow":["GET"]}}],"collection":[{"href":"https:\/\/www.iespasqualcalbo.cat\/blocs\/europa\/wp-json\/wp\/v2\/posts"}],"about":[{"href":"https:\/\/www.iespasqualcalbo.cat\/blocs\/europa\/wp-json\/wp\/v2\/types\/post"}],"author":[{"embeddable":true,"href":"https:\/\/www.iespasqualcalbo.cat\/blocs\/europa\/wp-json\/wp\/v2\/users\/1"}],"replies":[{"embeddable":true,"href":"https:\/\/www.iespasqualcalbo.cat\/blocs\/europa\/wp-json\/wp\/v2\/comments?post=925"}],"version-history":[{"count":0,"href":"https:\/\/www.iespasqualcalbo.cat\/blocs\/europa\/wp-json\/wp\/v2\/posts\/925\/revisions"}],"wp:attachment":[{"href":"https:\/\/www.iespasqualcalbo.cat\/blocs\/europa\/wp-json\/wp\/v2\/media?parent=925"}],"wp:term":[{"taxonomy":"category","embeddable":true,"href":"https:\/\/www.iespasqualcalbo.cat\/blocs\/europa\/wp-json\/wp\/v2\/categories?post=925"},{"taxonomy":"post_tag","embeddable":true,"href":"https:\/\/www.iespasqualcalbo.cat\/blocs\/europa\/wp-json\/wp\/v2\/tags?post=925"}],"curies":[{"name":"wp","href":"https:\/\/api.w.org\/{rel}","templated":true}]}}