{"id":908,"date":"2017-09-20T10:29:34","date_gmt":"2017-09-20T08:29:34","guid":{"rendered":"http:\/\/iespasqualcalbo.cat\/blocs\/europa\/?p=908"},"modified":"2017-09-20T10:29:34","modified_gmt":"2017-09-20T08:29:34","slug":"joan-palliser-coordinador-erasmus-per-a-lfp-assisteix-a-una-jornada-formativa-erasmus","status":"publish","type":"post","link":"https:\/\/www.iespasqualcalbo.cat\/blocs\/europa\/2017\/09\/20\/joan-palliser-coordinador-erasmus-per-a-lfp-assisteix-a-una-jornada-formativa-erasmus\/","title":{"rendered":"Joan Palliser, coordinador ERASMUS+ per a l&#8217;FP, assisteix a una jornada formativa ERASMUS+"},"content":{"rendered":"<p>\t\t\t\t<strong>El coordinador de mobilitat a l&#8217;FP ha assistit a la jornada de Mobilitat ERASMUS+ FP corresponent als projectes de la convocat\u00f2ria del 2016<\/strong><\/p>\n<p><a href=\"http:\/\/iespasqualcalbo.cat\/blocs\/wp-content\/uploads\/sites\/14\/2017\/09\/IMG-20170920-WA0028.jpg\"><img fetchpriority=\"high\" decoding=\"async\" class=\"wp-image-918 aligncenter\" src=\"http:\/\/iespasqualcalbo.cat\/blocs\/wp-content\/uploads\/sites\/14\/2017\/09\/IMG-20170920-WA0028-300x211.jpg\" alt=\"\" width=\"391\" height=\"275\" srcset=\"https:\/\/www.iespasqualcalbo.cat\/blocs\/europa\/wp-content\/uploads\/sites\/14\/2017\/09\/IMG-20170920-WA0028-300x211.jpg 300w, https:\/\/www.iespasqualcalbo.cat\/blocs\/europa\/wp-content\/uploads\/sites\/14\/2017\/09\/IMG-20170920-WA0028-768x540.jpg 768w, https:\/\/www.iespasqualcalbo.cat\/blocs\/europa\/wp-content\/uploads\/sites\/14\/2017\/09\/IMG-20170920-WA0028-1024x721.jpg 1024w, https:\/\/www.iespasqualcalbo.cat\/blocs\/europa\/wp-content\/uploads\/sites\/14\/2017\/09\/IMG-20170920-WA0028.jpg 1600w\" sizes=\"(max-width: 391px) 100vw, 391px\" \/><\/a>Joan Palliser s&#8217;ha despla\u00e7at fins a Madrid per assistir a aquesta jornada de formaci\u00f3 ERASMUS+ organitzada per la unitat d&#8217;FP del SEPIE. Aquesta jornada formativa, dedicada a la gesti\u00f3 dels projectes ERASMUS+ d&#8217;FP de la convocat\u00f2ria del 2016, s&#8217;ha dedicat als seg\u00fcents aspectes de la gesti\u00f3 dels projectes:<\/p>\n<ul>\n<li>Introducci\u00f3 de les dades del projecte a la Mobility Tool+<\/li>\n<li>Elaboraci\u00f3 de l&#8217;Informe Final del projecte<\/li>\n<li>Procediments d&#8217;avaluaci\u00f3 i control<\/li>\n<li>Certificaci\u00f3 de les mobilitats a trav\u00e9s d&#8217;Europass<\/li>\n<li>Comunicaci\u00f3, difusi\u00f3 i visibilitat dels projectes Erasmus+<\/li>\n<\/ul>\n<p><a href=\"http:\/\/iespasqualcalbo.cat\/blocs\/wp-content\/uploads\/sites\/14\/2017\/09\/IMG-20170920-WA0019.jpg\"><img decoding=\"async\" class=\"wp-image-916 aligncenter\" src=\"http:\/\/iespasqualcalbo.cat\/blocs\/wp-content\/uploads\/sites\/14\/2017\/09\/IMG-20170920-WA0019-300x169.jpg\" alt=\"\" width=\"352\" height=\"198\" srcset=\"https:\/\/www.iespasqualcalbo.cat\/blocs\/europa\/wp-content\/uploads\/sites\/14\/2017\/09\/IMG-20170920-WA0019-300x169.jpg 300w, https:\/\/www.iespasqualcalbo.cat\/blocs\/europa\/wp-content\/uploads\/sites\/14\/2017\/09\/IMG-20170920-WA0019-768x433.jpg 768w, https:\/\/www.iespasqualcalbo.cat\/blocs\/europa\/wp-content\/uploads\/sites\/14\/2017\/09\/IMG-20170920-WA0019-1024x578.jpg 1024w, https:\/\/www.iespasqualcalbo.cat\/blocs\/europa\/wp-content\/uploads\/sites\/14\/2017\/09\/IMG-20170920-WA0019.jpg 1496w\" sizes=\"(max-width: 352px) 100vw, 352px\" \/><\/a><\/p>\n<p>Durant aquestes jornades que organitza el SEPIE peri\u00f2dicament, tamb\u00e9 es reserva un temps per resoldre dubtes i intercanviar experi\u00e8ncies entre els diferents coordinadors de tota Espa\u00f1a que hi han assistit. A m\u00e9s, des del SEPIE tamb\u00e9 van aprofitar per anunciar les principals novetats de la convocat\u00f2ria del 2018.<\/p>\n<p>&nbsp;<\/p>\n<p><a href=\"http:\/\/iespasqualcalbo.cat\/blocs\/wp-content\/uploads\/sites\/14\/2017\/09\/20170919_103020.jpg\"><img decoding=\"async\" class=\" wp-image-909 alignleft\" src=\"http:\/\/iespasqualcalbo.cat\/blocs\/wp-content\/uploads\/sites\/14\/2017\/09\/20170919_103020-300x169.jpg\" alt=\"\" width=\"304\" height=\"171\" srcset=\"https:\/\/www.iespasqualcalbo.cat\/blocs\/europa\/wp-content\/uploads\/sites\/14\/2017\/09\/20170919_103020-300x169.jpg 300w, https:\/\/www.iespasqualcalbo.cat\/blocs\/europa\/wp-content\/uploads\/sites\/14\/2017\/09\/20170919_103020-768x432.jpg 768w, https:\/\/www.iespasqualcalbo.cat\/blocs\/europa\/wp-content\/uploads\/sites\/14\/2017\/09\/20170919_103020-1024x576.jpg 1024w\" sizes=\"(max-width: 304px) 100vw, 304px\" \/><\/a><a href=\"http:\/\/iespasqualcalbo.cat\/blocs\/wp-content\/uploads\/sites\/14\/2017\/09\/20170919_134815.jpg\"><img loading=\"lazy\" decoding=\"async\" class=\" wp-image-912 alignnone\" src=\"http:\/\/iespasqualcalbo.cat\/blocs\/wp-content\/uploads\/sites\/14\/2017\/09\/20170919_134815-300x169.jpg\" alt=\"\" width=\"311\" height=\"175\" srcset=\"https:\/\/www.iespasqualcalbo.cat\/blocs\/europa\/wp-content\/uploads\/sites\/14\/2017\/09\/20170919_134815-300x169.jpg 300w, https:\/\/www.iespasqualcalbo.cat\/blocs\/europa\/wp-content\/uploads\/sites\/14\/2017\/09\/20170919_134815-768x432.jpg 768w, https:\/\/www.iespasqualcalbo.cat\/blocs\/europa\/wp-content\/uploads\/sites\/14\/2017\/09\/20170919_134815-1024x576.jpg 1024w\" sizes=\"(max-width: 311px) 100vw, 311px\" \/><\/a><\/p>\n<p>&nbsp;\t\t<\/p>\n","protected":false},"excerpt":{"rendered":"<p>El coordinador de mobilitat a l&#8217;FP ha assistit a la jornada de Mobilitat ERASMUS+ FP corresponent als projectes de la convocat\u00f2ria del 2016 Joan Palliser s&#8217;ha despla\u00e7at fins a Madrid per assistir a aquesta jornada de formaci\u00f3 ERASMUS+ organitzada per &hellip; <a href=\"https:\/\/www.iespasqualcalbo.cat\/blocs\/europa\/2017\/09\/20\/joan-palliser-coordinador-erasmus-per-a-lfp-assisteix-a-una-jornada-formativa-erasmus\/\">Continua llegint <span class=\"meta-nav\">&rarr;<\/span><\/a> <a href=\"https:\/\/www.iespasqualcalbo.cat\/blocs\/europa\/2017\/09\/20\/joan-palliser-coordinador-erasmus-per-a-lfp-assisteix-a-una-jornada-formativa-erasmus\/\">Continua llegint <span class=\"meta-nav\">&rarr;<\/span><\/a><\/p>\n","protected":false},"author":1,"featured_media":0,"comment_status":"closed","ping_status":"closed","sticky":false,"template":"","format":"standard","meta":{"footnotes":""},"categories":[2],"tags":[],"class_list":["post-908","post","type-post","status-publish","format-standard","hentry","category-uncategorized"],"_links":{"self":[{"href":"https:\/\/www.iespasqualcalbo.cat\/blocs\/europa\/wp-json\/wp\/v2\/posts\/908","targetHints":{"allow":["GET"]}}],"collection":[{"href":"https:\/\/www.iespasqualcalbo.cat\/blocs\/europa\/wp-json\/wp\/v2\/posts"}],"about":[{"href":"https:\/\/www.iespasqualcalbo.cat\/blocs\/europa\/wp-json\/wp\/v2\/types\/post"}],"author":[{"embeddable":true,"href":"https:\/\/www.iespasqualcalbo.cat\/blocs\/europa\/wp-json\/wp\/v2\/users\/1"}],"replies":[{"embeddable":true,"href":"https:\/\/www.iespasqualcalbo.cat\/blocs\/europa\/wp-json\/wp\/v2\/comments?post=908"}],"version-history":[{"count":0,"href":"https:\/\/www.iespasqualcalbo.cat\/blocs\/europa\/wp-json\/wp\/v2\/posts\/908\/revisions"}],"wp:attachment":[{"href":"https:\/\/www.iespasqualcalbo.cat\/blocs\/europa\/wp-json\/wp\/v2\/media?parent=908"}],"wp:term":[{"taxonomy":"category","embeddable":true,"href":"https:\/\/www.iespasqualcalbo.cat\/blocs\/europa\/wp-json\/wp\/v2\/categories?post=908"},{"taxonomy":"post_tag","embeddable":true,"href":"https:\/\/www.iespasqualcalbo.cat\/blocs\/europa\/wp-json\/wp\/v2\/tags?post=908"}],"curies":[{"name":"wp","href":"https:\/\/api.w.org\/{rel}","templated":true}]}}