{"id":879,"date":"2017-06-22T17:13:38","date_gmt":"2017-06-22T15:13:38","guid":{"rendered":"http:\/\/iespasqualcalbo.cat\/blocs\/europa\/?p=879"},"modified":"2017-06-22T17:13:38","modified_gmt":"2017-06-22T15:13:38","slug":"darrers-dies-de-practiques-erasmus-dels-nostres-alumnes-a-leipzig","status":"publish","type":"post","link":"https:\/\/www.iespasqualcalbo.cat\/blocs\/europa\/2017\/06\/22\/darrers-dies-de-practiques-erasmus-dels-nostres-alumnes-a-leipzig\/","title":{"rendered":"Darrers dies de pr\u00e0ctiques ERASMUS+ dels nostres alumnes a Leipzig"},"content":{"rendered":"<p>\t\t\t\tEls alumnes de GM d&#8217;Electricitat i els d&#8217;FP B\u00e0sica que s\u00f3n a Leipzig estan ja finalitzant la seva estada i diumenge dia 25 tornen cap a Menorca.<\/p>\n<p><a href=\"http:\/\/iespasqualcalbo.cat\/blocs\/wp-content\/uploads\/sites\/14\/2017\/06\/IMG-20170621-WA0016.jpg\"><img fetchpriority=\"high\" decoding=\"async\" class=\"alignright wp-image-882\" src=\"http:\/\/iespasqualcalbo.cat\/blocs\/wp-content\/uploads\/sites\/14\/2017\/06\/IMG-20170621-WA0016-225x300.jpg\" alt=\"\" width=\"266\" height=\"355\" srcset=\"https:\/\/www.iespasqualcalbo.cat\/blocs\/europa\/wp-content\/uploads\/sites\/14\/2017\/06\/IMG-20170621-WA0016-225x300.jpg 225w, https:\/\/www.iespasqualcalbo.cat\/blocs\/europa\/wp-content\/uploads\/sites\/14\/2017\/06\/IMG-20170621-WA0016-768x1024.jpg 768w, https:\/\/www.iespasqualcalbo.cat\/blocs\/europa\/wp-content\/uploads\/sites\/14\/2017\/06\/IMG-20170621-WA0016.jpg 1200w\" sizes=\"(max-width: 266px) 100vw, 266px\" \/><\/a> <a href=\"http:\/\/iespasqualcalbo.cat\/blocs\/wp-content\/uploads\/sites\/14\/2017\/06\/IMG-20170621-WA0027.jpg\"><img decoding=\"async\" class=\"alignright wp-image-884\" src=\"http:\/\/iespasqualcalbo.cat\/blocs\/wp-content\/uploads\/sites\/14\/2017\/06\/IMG-20170621-WA0027-225x300.jpg\" alt=\"\" width=\"261\" height=\"348\" srcset=\"https:\/\/www.iespasqualcalbo.cat\/blocs\/europa\/wp-content\/uploads\/sites\/14\/2017\/06\/IMG-20170621-WA0027-225x300.jpg 225w, https:\/\/www.iespasqualcalbo.cat\/blocs\/europa\/wp-content\/uploads\/sites\/14\/2017\/06\/IMG-20170621-WA0027-768x1024.jpg 768w, https:\/\/www.iespasqualcalbo.cat\/blocs\/europa\/wp-content\/uploads\/sites\/14\/2017\/06\/IMG-20170621-WA0027.jpg 1200w\" sizes=\"(max-width: 261px) 100vw, 261px\" \/><\/a><\/p>\n<p>&nbsp;<\/p>\n<p>&nbsp;<\/p>\n<p>&nbsp;<\/p>\n<p><a href=\"http:\/\/iespasqualcalbo.cat\/blocs\/wp-content\/uploads\/sites\/14\/2017\/06\/IMG-20170621-WA0015.jpg\"><img decoding=\"async\" class=\"wp-image-885 aligncenter\" src=\"http:\/\/iespasqualcalbo.cat\/blocs\/wp-content\/uploads\/sites\/14\/2017\/06\/IMG-20170621-WA0015-300x225.jpg\" alt=\"\" width=\"381\" height=\"286\" srcset=\"https:\/\/www.iespasqualcalbo.cat\/blocs\/europa\/wp-content\/uploads\/sites\/14\/2017\/06\/IMG-20170621-WA0015-300x225.jpg 300w, https:\/\/www.iespasqualcalbo.cat\/blocs\/europa\/wp-content\/uploads\/sites\/14\/2017\/06\/IMG-20170621-WA0015-768x576.jpg 768w, https:\/\/www.iespasqualcalbo.cat\/blocs\/europa\/wp-content\/uploads\/sites\/14\/2017\/06\/IMG-20170621-WA0015-1024x768.jpg 1024w, https:\/\/www.iespasqualcalbo.cat\/blocs\/europa\/wp-content\/uploads\/sites\/14\/2017\/06\/IMG-20170621-WA0015.jpg 1599w\" sizes=\"(max-width: 381px) 100vw, 381px\" \/><\/a><a href=\"http:\/\/iespasqualcalbo.cat\/blocs\/wp-content\/uploads\/sites\/14\/2017\/06\/IMG-20170621-WA0026.jpg\"><img loading=\"lazy\" decoding=\"async\" class=\"alignright wp-image-883\" src=\"http:\/\/iespasqualcalbo.cat\/blocs\/wp-content\/uploads\/sites\/14\/2017\/06\/IMG-20170621-WA0026-225x300.jpg\" alt=\"\" width=\"312\" height=\"416\" srcset=\"https:\/\/www.iespasqualcalbo.cat\/blocs\/europa\/wp-content\/uploads\/sites\/14\/2017\/06\/IMG-20170621-WA0026-225x300.jpg 225w, https:\/\/www.iespasqualcalbo.cat\/blocs\/europa\/wp-content\/uploads\/sites\/14\/2017\/06\/IMG-20170621-WA0026-768x1024.jpg 768w, https:\/\/www.iespasqualcalbo.cat\/blocs\/europa\/wp-content\/uploads\/sites\/14\/2017\/06\/IMG-20170621-WA0026.jpg 1200w\" sizes=\"(max-width: 312px) 100vw, 312px\" \/><\/a><\/p>\n<p>&nbsp;<\/p>\n<p>&nbsp;<\/p>\n<p><a href=\"http:\/\/iespasqualcalbo.cat\/blocs\/wp-content\/uploads\/sites\/14\/2017\/06\/IMG-20170620-WA0003.jpg\"><img loading=\"lazy\" decoding=\"async\" class=\"alignright wp-image-881\" src=\"http:\/\/iespasqualcalbo.cat\/blocs\/wp-content\/uploads\/sites\/14\/2017\/06\/IMG-20170620-WA0003-225x300.jpg\" alt=\"\" width=\"269\" height=\"359\" srcset=\"https:\/\/www.iespasqualcalbo.cat\/blocs\/europa\/wp-content\/uploads\/sites\/14\/2017\/06\/IMG-20170620-WA0003-225x300.jpg 225w, https:\/\/www.iespasqualcalbo.cat\/blocs\/europa\/wp-content\/uploads\/sites\/14\/2017\/06\/IMG-20170620-WA0003-768x1024.jpg 768w, https:\/\/www.iespasqualcalbo.cat\/blocs\/europa\/wp-content\/uploads\/sites\/14\/2017\/06\/IMG-20170620-WA0003.jpg 1200w\" sizes=\"(max-width: 269px) 100vw, 269px\" \/><\/a><\/p>\n<p>&nbsp;<\/p>\n<p>&nbsp;<\/p>\n<p>&nbsp;<\/p>\n<p>&nbsp;<\/p>\n<p>&nbsp;<\/p>\n<p>&nbsp;<\/p>\n<p>&nbsp;<\/p>\n<p>&nbsp;<\/p>\n<p>&nbsp;<\/p>\n<p>A part de les seves hores di\u00e0ries de pr\u00e0ctiques formatives tamb\u00e9 tenen temps per divertir-se i con\u00e8ixer gent.<\/p>\n<p><a href=\"http:\/\/iespasqualcalbo.cat\/blocs\/wp-content\/uploads\/sites\/14\/2017\/06\/IMG-20170620-WA0013.jpg\"><img loading=\"lazy\" decoding=\"async\" class=\"wp-image-888 aligncenter\" src=\"http:\/\/iespasqualcalbo.cat\/blocs\/wp-content\/uploads\/sites\/14\/2017\/06\/IMG-20170620-WA0013-300x225.jpg\" alt=\"\" width=\"428\" height=\"321\" srcset=\"https:\/\/www.iespasqualcalbo.cat\/blocs\/europa\/wp-content\/uploads\/sites\/14\/2017\/06\/IMG-20170620-WA0013-300x225.jpg 300w, https:\/\/www.iespasqualcalbo.cat\/blocs\/europa\/wp-content\/uploads\/sites\/14\/2017\/06\/IMG-20170620-WA0013-768x576.jpg 768w, https:\/\/www.iespasqualcalbo.cat\/blocs\/europa\/wp-content\/uploads\/sites\/14\/2017\/06\/IMG-20170620-WA0013-1024x768.jpg 1024w, https:\/\/www.iespasqualcalbo.cat\/blocs\/europa\/wp-content\/uploads\/sites\/14\/2017\/06\/IMG-20170620-WA0013.jpg 1600w\" sizes=\"(max-width: 428px) 100vw, 428px\" \/><\/a><\/p>\n<p><a href=\"http:\/\/iespasqualcalbo.cat\/blocs\/wp-content\/uploads\/sites\/14\/2017\/06\/IMG-20170620-WA0014.jpg\"><img loading=\"lazy\" decoding=\"async\" class=\" wp-image-887 aligncenter\" src=\"http:\/\/iespasqualcalbo.cat\/blocs\/wp-content\/uploads\/sites\/14\/2017\/06\/IMG-20170620-WA0014-300x225.jpg\" alt=\"\" width=\"416\" height=\"312\" srcset=\"https:\/\/www.iespasqualcalbo.cat\/blocs\/europa\/wp-content\/uploads\/sites\/14\/2017\/06\/IMG-20170620-WA0014-300x225.jpg 300w, https:\/\/www.iespasqualcalbo.cat\/blocs\/europa\/wp-content\/uploads\/sites\/14\/2017\/06\/IMG-20170620-WA0014-768x576.jpg 768w, https:\/\/www.iespasqualcalbo.cat\/blocs\/europa\/wp-content\/uploads\/sites\/14\/2017\/06\/IMG-20170620-WA0014-1024x768.jpg 1024w, https:\/\/www.iespasqualcalbo.cat\/blocs\/europa\/wp-content\/uploads\/sites\/14\/2017\/06\/IMG-20170620-WA0014.jpg 1600w\" sizes=\"(max-width: 416px) 100vw, 416px\" \/><\/a><\/p>\n<p>&nbsp;<\/p>\n<p><a href=\"http:\/\/iespasqualcalbo.cat\/blocs\/wp-content\/uploads\/sites\/14\/2017\/06\/IMG-20170619-WA0014.jpg\"><img loading=\"lazy\" decoding=\"async\" class=\"wp-image-895 alignleft\" src=\"http:\/\/iespasqualcalbo.cat\/blocs\/wp-content\/uploads\/sites\/14\/2017\/06\/IMG-20170619-WA0014-225x300.jpg\" alt=\"\" width=\"273\" height=\"364\" srcset=\"https:\/\/www.iespasqualcalbo.cat\/blocs\/europa\/wp-content\/uploads\/sites\/14\/2017\/06\/IMG-20170619-WA0014-225x300.jpg 225w, https:\/\/www.iespasqualcalbo.cat\/blocs\/europa\/wp-content\/uploads\/sites\/14\/2017\/06\/IMG-20170619-WA0014-768x1024.jpg 768w, https:\/\/www.iespasqualcalbo.cat\/blocs\/europa\/wp-content\/uploads\/sites\/14\/2017\/06\/IMG-20170619-WA0014.jpg 1200w\" sizes=\"(max-width: 273px) 100vw, 273px\" \/><\/a><\/p>\n<p><a href=\"http:\/\/iespasqualcalbo.cat\/blocs\/wp-content\/uploads\/sites\/14\/2017\/06\/IMG-20170619-WA0013.jpg\"><img loading=\"lazy\" decoding=\"async\" class=\"alignright  wp-image-894\" src=\"http:\/\/iespasqualcalbo.cat\/blocs\/wp-content\/uploads\/sites\/14\/2017\/06\/IMG-20170619-WA0013-300x225.jpg\" alt=\"\" width=\"312\" height=\"234\" srcset=\"https:\/\/www.iespasqualcalbo.cat\/blocs\/europa\/wp-content\/uploads\/sites\/14\/2017\/06\/IMG-20170619-WA0013-300x225.jpg 300w, https:\/\/www.iespasqualcalbo.cat\/blocs\/europa\/wp-content\/uploads\/sites\/14\/2017\/06\/IMG-20170619-WA0013-768x576.jpg 768w, https:\/\/www.iespasqualcalbo.cat\/blocs\/europa\/wp-content\/uploads\/sites\/14\/2017\/06\/IMG-20170619-WA0013-1024x768.jpg 1024w, https:\/\/www.iespasqualcalbo.cat\/blocs\/europa\/wp-content\/uploads\/sites\/14\/2017\/06\/IMG-20170619-WA0013.jpg 1599w\" sizes=\"(max-width: 312px) 100vw, 312px\" \/><\/a><\/p>\n<p>&nbsp;<\/p>\n<p>&nbsp;<\/p>\n<p>&nbsp;\t\t<\/p>\n","protected":false},"excerpt":{"rendered":"<p>Els alumnes de GM d&#8217;Electricitat i els d&#8217;FP B\u00e0sica que s\u00f3n a Leipzig estan ja finalitzant la seva estada i diumenge dia 25 tornen cap a Menorca. &nbsp; &nbsp; &nbsp; &nbsp; &nbsp; &nbsp; &nbsp; &nbsp; &nbsp; &nbsp; &nbsp; &nbsp; &nbsp; &hellip; <a href=\"https:\/\/www.iespasqualcalbo.cat\/blocs\/europa\/2017\/06\/22\/darrers-dies-de-practiques-erasmus-dels-nostres-alumnes-a-leipzig\/\">Continua llegint <span class=\"meta-nav\">&rarr;<\/span><\/a> <a href=\"https:\/\/www.iespasqualcalbo.cat\/blocs\/europa\/2017\/06\/22\/darrers-dies-de-practiques-erasmus-dels-nostres-alumnes-a-leipzig\/\">Continua llegint <span class=\"meta-nav\">&rarr;<\/span><\/a><\/p>\n","protected":false},"author":1,"featured_media":0,"comment_status":"closed","ping_status":"closed","sticky":false,"template":"","format":"standard","meta":{"footnotes":""},"categories":[2],"tags":[],"class_list":["post-879","post","type-post","status-publish","format-standard","hentry","category-uncategorized"],"_links":{"self":[{"href":"https:\/\/www.iespasqualcalbo.cat\/blocs\/europa\/wp-json\/wp\/v2\/posts\/879","targetHints":{"allow":["GET"]}}],"collection":[{"href":"https:\/\/www.iespasqualcalbo.cat\/blocs\/europa\/wp-json\/wp\/v2\/posts"}],"about":[{"href":"https:\/\/www.iespasqualcalbo.cat\/blocs\/europa\/wp-json\/wp\/v2\/types\/post"}],"author":[{"embeddable":true,"href":"https:\/\/www.iespasqualcalbo.cat\/blocs\/europa\/wp-json\/wp\/v2\/users\/1"}],"replies":[{"embeddable":true,"href":"https:\/\/www.iespasqualcalbo.cat\/blocs\/europa\/wp-json\/wp\/v2\/comments?post=879"}],"version-history":[{"count":0,"href":"https:\/\/www.iespasqualcalbo.cat\/blocs\/europa\/wp-json\/wp\/v2\/posts\/879\/revisions"}],"wp:attachment":[{"href":"https:\/\/www.iespasqualcalbo.cat\/blocs\/europa\/wp-json\/wp\/v2\/media?parent=879"}],"wp:term":[{"taxonomy":"category","embeddable":true,"href":"https:\/\/www.iespasqualcalbo.cat\/blocs\/europa\/wp-json\/wp\/v2\/categories?post=879"},{"taxonomy":"post_tag","embeddable":true,"href":"https:\/\/www.iespasqualcalbo.cat\/blocs\/europa\/wp-json\/wp\/v2\/tags?post=879"}],"curies":[{"name":"wp","href":"https:\/\/api.w.org\/{rel}","templated":true}]}}