{"id":846,"date":"2017-06-09T12:11:16","date_gmt":"2017-06-09T10:11:16","guid":{"rendered":"http:\/\/iespasqualcalbo.cat\/blocs\/europa\/?p=846"},"modified":"2017-06-09T12:11:16","modified_gmt":"2017-06-09T10:11:16","slug":"lalumne-kevin-llopis-segueix-amb-exit-la-seva-estada-erasmus-a-alemanya","status":"publish","type":"post","link":"https:\/\/www.iespasqualcalbo.cat\/blocs\/europa\/2017\/06\/09\/lalumne-kevin-llopis-segueix-amb-exit-la-seva-estada-erasmus-a-alemanya\/","title":{"rendered":"L\u2019alumne Kevin Llopis segueix amb \u00e8xit la seva estada Erasmus+ a Alemanya"},"content":{"rendered":"<p>\t\t\t\t<span style=\"font-family: Arial;font-size: medium\">Aquesta darrera setmana en Kevin ha fet feina a una obra realitzant feines\u00a0de canvis d&#8217;electrodom\u00e8stics. <\/span><\/p>\n<p><span style=\"font-family: Arial;font-size: medium\">En Kevin aprofita el seu temps lliure per anar a un club h\u00edpic per tal de practicar la seva afici\u00f3 i ajudar en feines del lloc.<\/span><\/p>\n<p><span style=\"font-family: Arial;font-size: medium\">El cap de setmana passat va visitar la ciutat de\u00a0N\u00fcmbrecht\u00a0per a visitar la seva tia i celebrar el seu aniversari.<\/span><\/p>\n<p><a href=\"http:\/\/iespasqualcalbo.cat\/blocs\/wp-content\/uploads\/sites\/14\/2017\/06\/Sense-t\u00edtol2.jpg\"><img fetchpriority=\"high\" decoding=\"async\" class=\"alignnone size-medium wp-image-848\" src=\"http:\/\/iespasqualcalbo.cat\/blocs\/wp-content\/uploads\/sites\/14\/2017\/06\/Sense-t\u00edtol2-225x300.jpg\" alt=\"\" width=\"225\" height=\"300\" srcset=\"https:\/\/www.iespasqualcalbo.cat\/blocs\/europa\/wp-content\/uploads\/sites\/14\/2017\/06\/Sense-t\u00edtol2-225x300.jpg 225w, https:\/\/www.iespasqualcalbo.cat\/blocs\/europa\/wp-content\/uploads\/sites\/14\/2017\/06\/Sense-t\u00edtol2-768x1024.jpg 768w, https:\/\/www.iespasqualcalbo.cat\/blocs\/europa\/wp-content\/uploads\/sites\/14\/2017\/06\/Sense-t\u00edtol2.jpg 1299w\" sizes=\"(max-width: 225px) 100vw, 225px\" \/><\/a> <a href=\"http:\/\/iespasqualcalbo.cat\/blocs\/wp-content\/uploads\/sites\/14\/2017\/06\/Sense-t\u00edtol3.jpg\"><img decoding=\"async\" class=\"alignnone size-medium wp-image-849\" src=\"http:\/\/iespasqualcalbo.cat\/blocs\/wp-content\/uploads\/sites\/14\/2017\/06\/Sense-t\u00edtol3-300x225.jpg\" alt=\"\" width=\"300\" height=\"225\" srcset=\"https:\/\/www.iespasqualcalbo.cat\/blocs\/europa\/wp-content\/uploads\/sites\/14\/2017\/06\/Sense-t\u00edtol3-300x225.jpg 300w, https:\/\/www.iespasqualcalbo.cat\/blocs\/europa\/wp-content\/uploads\/sites\/14\/2017\/06\/Sense-t\u00edtol3-768x576.jpg 768w, https:\/\/www.iespasqualcalbo.cat\/blocs\/europa\/wp-content\/uploads\/sites\/14\/2017\/06\/Sense-t\u00edtol3-1024x768.jpg 1024w, https:\/\/www.iespasqualcalbo.cat\/blocs\/europa\/wp-content\/uploads\/sites\/14\/2017\/06\/Sense-t\u00edtol3.jpg 1415w\" sizes=\"(max-width: 300px) 100vw, 300px\" \/><\/a> <a href=\"http:\/\/iespasqualcalbo.cat\/blocs\/wp-content\/uploads\/sites\/14\/2017\/06\/Sense-t\u00edtol4.jpg\"><img decoding=\"async\" class=\"alignnone size-medium wp-image-850\" src=\"http:\/\/iespasqualcalbo.cat\/blocs\/wp-content\/uploads\/sites\/14\/2017\/06\/Sense-t\u00edtol4-225x300.jpg\" alt=\"\" width=\"225\" height=\"300\" srcset=\"https:\/\/www.iespasqualcalbo.cat\/blocs\/europa\/wp-content\/uploads\/sites\/14\/2017\/06\/Sense-t\u00edtol4-225x300.jpg 225w, https:\/\/www.iespasqualcalbo.cat\/blocs\/europa\/wp-content\/uploads\/sites\/14\/2017\/06\/Sense-t\u00edtol4-768x1024.jpg 768w, https:\/\/www.iespasqualcalbo.cat\/blocs\/europa\/wp-content\/uploads\/sites\/14\/2017\/06\/Sense-t\u00edtol4.jpg 1328w\" sizes=\"(max-width: 225px) 100vw, 225px\" \/><\/a>\t\t<\/p>\n","protected":false},"excerpt":{"rendered":"<p>Aquesta darrera setmana en Kevin ha fet feina a una obra realitzant feines\u00a0de canvis d&#8217;electrodom\u00e8stics. En Kevin aprofita el seu temps lliure per anar a un club h\u00edpic per tal de practicar la seva afici\u00f3 i ajudar en feines del &hellip; <a href=\"https:\/\/www.iespasqualcalbo.cat\/blocs\/europa\/2017\/06\/09\/lalumne-kevin-llopis-segueix-amb-exit-la-seva-estada-erasmus-a-alemanya\/\">Continua llegint <span class=\"meta-nav\">&rarr;<\/span><\/a> <a href=\"https:\/\/www.iespasqualcalbo.cat\/blocs\/europa\/2017\/06\/09\/lalumne-kevin-llopis-segueix-amb-exit-la-seva-estada-erasmus-a-alemanya\/\">Continua llegint <span class=\"meta-nav\">&rarr;<\/span><\/a><\/p>\n","protected":false},"author":1,"featured_media":0,"comment_status":"closed","ping_status":"closed","sticky":false,"template":"","format":"standard","meta":{"footnotes":""},"categories":[2],"tags":[],"class_list":["post-846","post","type-post","status-publish","format-standard","hentry","category-uncategorized"],"_links":{"self":[{"href":"https:\/\/www.iespasqualcalbo.cat\/blocs\/europa\/wp-json\/wp\/v2\/posts\/846","targetHints":{"allow":["GET"]}}],"collection":[{"href":"https:\/\/www.iespasqualcalbo.cat\/blocs\/europa\/wp-json\/wp\/v2\/posts"}],"about":[{"href":"https:\/\/www.iespasqualcalbo.cat\/blocs\/europa\/wp-json\/wp\/v2\/types\/post"}],"author":[{"embeddable":true,"href":"https:\/\/www.iespasqualcalbo.cat\/blocs\/europa\/wp-json\/wp\/v2\/users\/1"}],"replies":[{"embeddable":true,"href":"https:\/\/www.iespasqualcalbo.cat\/blocs\/europa\/wp-json\/wp\/v2\/comments?post=846"}],"version-history":[{"count":0,"href":"https:\/\/www.iespasqualcalbo.cat\/blocs\/europa\/wp-json\/wp\/v2\/posts\/846\/revisions"}],"wp:attachment":[{"href":"https:\/\/www.iespasqualcalbo.cat\/blocs\/europa\/wp-json\/wp\/v2\/media?parent=846"}],"wp:term":[{"taxonomy":"category","embeddable":true,"href":"https:\/\/www.iespasqualcalbo.cat\/blocs\/europa\/wp-json\/wp\/v2\/categories?post=846"},{"taxonomy":"post_tag","embeddable":true,"href":"https:\/\/www.iespasqualcalbo.cat\/blocs\/europa\/wp-json\/wp\/v2\/tags?post=846"}],"curies":[{"name":"wp","href":"https:\/\/api.w.org\/{rel}","templated":true}]}}