{"id":815,"date":"2017-05-30T09:15:15","date_gmt":"2017-05-30T07:15:15","guid":{"rendered":"http:\/\/iespasqualcalbo.cat\/blocs\/europa\/?p=815"},"modified":"2017-05-30T09:15:15","modified_gmt":"2017-05-30T07:15:15","slug":"lalumne-kevin-llopis-gaudeix-la-seva-estada-erasmus-a-alemanya","status":"publish","type":"post","link":"https:\/\/www.iespasqualcalbo.cat\/blocs\/europa\/2017\/05\/30\/lalumne-kevin-llopis-gaudeix-la-seva-estada-erasmus-a-alemanya\/","title":{"rendered":"L&#8217;alumne Kevin Llopis gaudeix la seva estada Erasmus+ a Alemanya"},"content":{"rendered":"<p>\t\t\t\tL&#8217;alumne Kevin Llopis del cicle de Formaci\u00f3 Professional B\u00e0sica d&#8217;electricitat realitza la formaci\u00f3 en centres de treball a l&#8217;empresa Elektro Albers d&#8217;Alemanya. En Kevin assegura que est\u00e0 aprenent molt amb les tasques de reparaci\u00f3 d&#8217;electrodom\u00e8stics i instal\u00b7lacions el\u00e8ctriques a l&#8217;empresa de la ciutat alemanya de Hanstedt. L&#8217;alumne aprofita el seu temps lliure per a fer visites tur\u00edstiques per les ciutats m\u00e9s importants del pa\u00eds i fer activitats interessants com ara ciclisme o passejades amb barca.<\/p>\n<p>&nbsp;<\/p>\n<p><a href=\"http:\/\/iespasqualcalbo.cat\/blocs\/wp-content\/uploads\/sites\/14\/2017\/05\/kevin6.png\"><img decoding=\"async\" class=\"alignnone size-medium wp-image-816\" src=\"http:\/\/iespasqualcalbo.cat\/blocs\/wp-content\/uploads\/sites\/14\/2017\/05\/kevin6-300x103.png\" alt=\"\" width=\"300\" height=\"103\" srcset=\"https:\/\/www.iespasqualcalbo.cat\/blocs\/europa\/wp-content\/uploads\/sites\/14\/2017\/05\/kevin6-300x103.png 300w, https:\/\/www.iespasqualcalbo.cat\/blocs\/europa\/wp-content\/uploads\/sites\/14\/2017\/05\/kevin6-768x264.png 768w, https:\/\/www.iespasqualcalbo.cat\/blocs\/europa\/wp-content\/uploads\/sites\/14\/2017\/05\/kevin6-1024x351.png 1024w\" sizes=\"(max-width: 300px) 100vw, 300px\" \/><\/a><\/p>\n<div id=\"attachment_817\" style=\"width: 235px\" class=\"wp-caption alignnone\"><a href=\"http:\/\/iespasqualcalbo.cat\/blocs\/wp-content\/uploads\/sites\/14\/2017\/05\/Kevin-a-lempresa-II.jpg\"><img fetchpriority=\"high\" decoding=\"async\" aria-describedby=\"caption-attachment-817\" class=\"size-medium wp-image-817\" src=\"http:\/\/iespasqualcalbo.cat\/blocs\/wp-content\/uploads\/sites\/14\/2017\/05\/Kevin-a-lempresa-II-225x300.jpg\" alt=\"\" width=\"225\" height=\"300\" srcset=\"https:\/\/www.iespasqualcalbo.cat\/blocs\/europa\/wp-content\/uploads\/sites\/14\/2017\/05\/Kevin-a-lempresa-II-225x300.jpg 225w, https:\/\/www.iespasqualcalbo.cat\/blocs\/europa\/wp-content\/uploads\/sites\/14\/2017\/05\/Kevin-a-lempresa-II-768x1024.jpg 768w\" sizes=\"(max-width: 225px) 100vw, 225px\" \/><\/a><p id=\"caption-attachment-817\" class=\"wp-caption-text\">sdr<\/p><\/div>\n<div id=\"attachment_818\" style=\"width: 235px\" class=\"wp-caption alignnone\"><a href=\"http:\/\/iespasqualcalbo.cat\/blocs\/wp-content\/uploads\/sites\/14\/2017\/05\/Kevin-a-lempresa.jpg\"><img decoding=\"async\" aria-describedby=\"caption-attachment-818\" class=\"size-medium wp-image-818\" src=\"http:\/\/iespasqualcalbo.cat\/blocs\/wp-content\/uploads\/sites\/14\/2017\/05\/Kevin-a-lempresa-225x300.jpg\" alt=\"\" width=\"225\" height=\"300\" srcset=\"https:\/\/www.iespasqualcalbo.cat\/blocs\/europa\/wp-content\/uploads\/sites\/14\/2017\/05\/Kevin-a-lempresa-225x300.jpg 225w, https:\/\/www.iespasqualcalbo.cat\/blocs\/europa\/wp-content\/uploads\/sites\/14\/2017\/05\/Kevin-a-lempresa-768x1024.jpg 768w\" sizes=\"(max-width: 225px) 100vw, 225px\" \/><\/a><p id=\"caption-attachment-818\" class=\"wp-caption-text\">dav<\/p><\/div>\n<p><a href=\"http:\/\/iespasqualcalbo.cat\/blocs\/wp-content\/uploads\/sites\/14\/2017\/05\/kevin1.png\"><img loading=\"lazy\" decoding=\"async\" class=\"alignnone size-medium wp-image-819\" src=\"http:\/\/iespasqualcalbo.cat\/blocs\/wp-content\/uploads\/sites\/14\/2017\/05\/kevin1-225x300.png\" alt=\"\" width=\"225\" height=\"300\" srcset=\"https:\/\/www.iespasqualcalbo.cat\/blocs\/europa\/wp-content\/uploads\/sites\/14\/2017\/05\/kevin1-225x300.png 225w, https:\/\/www.iespasqualcalbo.cat\/blocs\/europa\/wp-content\/uploads\/sites\/14\/2017\/05\/kevin1.png 724w\" sizes=\"(max-width: 225px) 100vw, 225px\" \/><\/a> <a href=\"http:\/\/iespasqualcalbo.cat\/blocs\/wp-content\/uploads\/sites\/14\/2017\/05\/kevin2.png\"><img loading=\"lazy\" decoding=\"async\" class=\"alignnone size-medium wp-image-820\" src=\"http:\/\/iespasqualcalbo.cat\/blocs\/wp-content\/uploads\/sites\/14\/2017\/05\/kevin2-225x300.png\" alt=\"\" width=\"225\" height=\"300\" srcset=\"https:\/\/www.iespasqualcalbo.cat\/blocs\/europa\/wp-content\/uploads\/sites\/14\/2017\/05\/kevin2-225x300.png 225w, https:\/\/www.iespasqualcalbo.cat\/blocs\/europa\/wp-content\/uploads\/sites\/14\/2017\/05\/kevin2.png 724w\" sizes=\"(max-width: 225px) 100vw, 225px\" \/><\/a> <a href=\"http:\/\/iespasqualcalbo.cat\/blocs\/wp-content\/uploads\/sites\/14\/2017\/05\/kevin3.png\"><img loading=\"lazy\" decoding=\"async\" class=\"alignnone size-medium wp-image-821\" src=\"http:\/\/iespasqualcalbo.cat\/blocs\/wp-content\/uploads\/sites\/14\/2017\/05\/kevin3-300x225.png\" alt=\"\" width=\"300\" height=\"225\" srcset=\"https:\/\/www.iespasqualcalbo.cat\/blocs\/europa\/wp-content\/uploads\/sites\/14\/2017\/05\/kevin3-300x225.png 300w, https:\/\/www.iespasqualcalbo.cat\/blocs\/europa\/wp-content\/uploads\/sites\/14\/2017\/05\/kevin3.png 724w\" sizes=\"(max-width: 300px) 100vw, 300px\" \/><\/a> <a href=\"http:\/\/iespasqualcalbo.cat\/blocs\/wp-content\/uploads\/sites\/14\/2017\/05\/kevin4.png\"><img loading=\"lazy\" decoding=\"async\" class=\"alignnone size-medium wp-image-822\" src=\"http:\/\/iespasqualcalbo.cat\/blocs\/wp-content\/uploads\/sites\/14\/2017\/05\/kevin4-225x300.png\" alt=\"\" width=\"225\" height=\"300\" srcset=\"https:\/\/www.iespasqualcalbo.cat\/blocs\/europa\/wp-content\/uploads\/sites\/14\/2017\/05\/kevin4-225x300.png 225w, https:\/\/www.iespasqualcalbo.cat\/blocs\/europa\/wp-content\/uploads\/sites\/14\/2017\/05\/kevin4.png 724w\" sizes=\"(max-width: 225px) 100vw, 225px\" \/><\/a> <a href=\"http:\/\/iespasqualcalbo.cat\/blocs\/wp-content\/uploads\/sites\/14\/2017\/05\/kevin5.png\"><img loading=\"lazy\" decoding=\"async\" class=\"alignnone size-medium wp-image-823\" src=\"http:\/\/iespasqualcalbo.cat\/blocs\/wp-content\/uploads\/sites\/14\/2017\/05\/kevin5-300x225.png\" alt=\"\" width=\"300\" height=\"225\" srcset=\"https:\/\/www.iespasqualcalbo.cat\/blocs\/europa\/wp-content\/uploads\/sites\/14\/2017\/05\/kevin5-300x225.png 300w, https:\/\/www.iespasqualcalbo.cat\/blocs\/europa\/wp-content\/uploads\/sites\/14\/2017\/05\/kevin5.png 724w\" sizes=\"(max-width: 300px) 100vw, 300px\" \/><\/a><\/p>\n<p>&nbsp;\t\t<\/p>\n","protected":false},"excerpt":{"rendered":"<p>L&#8217;alumne Kevin Llopis del cicle de Formaci\u00f3 Professional B\u00e0sica d&#8217;electricitat realitza la formaci\u00f3 en centres de treball a l&#8217;empresa Elektro Albers d&#8217;Alemanya. En Kevin assegura que est\u00e0 aprenent molt amb les tasques de reparaci\u00f3 d&#8217;electrodom\u00e8stics i instal\u00b7lacions el\u00e8ctriques a l&#8217;empresa &hellip; <a href=\"https:\/\/www.iespasqualcalbo.cat\/blocs\/europa\/2017\/05\/30\/lalumne-kevin-llopis-gaudeix-la-seva-estada-erasmus-a-alemanya\/\">Continua llegint <span class=\"meta-nav\">&rarr;<\/span><\/a> <a href=\"https:\/\/www.iespasqualcalbo.cat\/blocs\/europa\/2017\/05\/30\/lalumne-kevin-llopis-gaudeix-la-seva-estada-erasmus-a-alemanya\/\">Continua llegint <span class=\"meta-nav\">&rarr;<\/span><\/a><\/p>\n","protected":false},"author":1,"featured_media":0,"comment_status":"closed","ping_status":"closed","sticky":false,"template":"","format":"standard","meta":{"footnotes":""},"categories":[2],"tags":[],"class_list":["post-815","post","type-post","status-publish","format-standard","hentry","category-uncategorized"],"_links":{"self":[{"href":"https:\/\/www.iespasqualcalbo.cat\/blocs\/europa\/wp-json\/wp\/v2\/posts\/815","targetHints":{"allow":["GET"]}}],"collection":[{"href":"https:\/\/www.iespasqualcalbo.cat\/blocs\/europa\/wp-json\/wp\/v2\/posts"}],"about":[{"href":"https:\/\/www.iespasqualcalbo.cat\/blocs\/europa\/wp-json\/wp\/v2\/types\/post"}],"author":[{"embeddable":true,"href":"https:\/\/www.iespasqualcalbo.cat\/blocs\/europa\/wp-json\/wp\/v2\/users\/1"}],"replies":[{"embeddable":true,"href":"https:\/\/www.iespasqualcalbo.cat\/blocs\/europa\/wp-json\/wp\/v2\/comments?post=815"}],"version-history":[{"count":0,"href":"https:\/\/www.iespasqualcalbo.cat\/blocs\/europa\/wp-json\/wp\/v2\/posts\/815\/revisions"}],"wp:attachment":[{"href":"https:\/\/www.iespasqualcalbo.cat\/blocs\/europa\/wp-json\/wp\/v2\/media?parent=815"}],"wp:term":[{"taxonomy":"category","embeddable":true,"href":"https:\/\/www.iespasqualcalbo.cat\/blocs\/europa\/wp-json\/wp\/v2\/categories?post=815"},{"taxonomy":"post_tag","embeddable":true,"href":"https:\/\/www.iespasqualcalbo.cat\/blocs\/europa\/wp-json\/wp\/v2\/tags?post=815"}],"curies":[{"name":"wp","href":"https:\/\/api.w.org\/{rel}","templated":true}]}}