{"id":745,"date":"2017-04-04T20:32:37","date_gmt":"2017-04-04T18:32:37","guid":{"rendered":"http:\/\/iespasqualcalbo.cat\/blocs\/europa\/?p=745"},"modified":"2017-04-04T20:32:37","modified_gmt":"2017-04-04T18:32:37","slug":"impressions-del-viatge-de-mikel-navarro-com-a-professor-acompanyant-dun-alumne-erasmus","status":"publish","type":"post","link":"https:\/\/www.iespasqualcalbo.cat\/blocs\/europa\/2017\/04\/04\/impressions-del-viatge-de-mikel-navarro-com-a-professor-acompanyant-dun-alumne-erasmus\/","title":{"rendered":"Impressions del viatge de Mikel Navarro com a professor acompanyant d&#8217;un alumne ERASMUS+"},"content":{"rendered":"<p>\t\t\t\t<a href=\"http:\/\/iespasqualcalbo.cat\/blocs\/wp-content\/uploads\/sites\/14\/2017\/03\/Foto-Mikel-i-Eduard-II.jpg\"><img fetchpriority=\"high\" decoding=\"async\" class=\" wp-image-738 alignright\" src=\"http:\/\/iespasqualcalbo.cat\/blocs\/wp-content\/uploads\/sites\/14\/2017\/03\/Foto-Mikel-i-Eduard-II-177x300.jpg\" alt=\"\" width=\"215\" height=\"364\" srcset=\"https:\/\/www.iespasqualcalbo.cat\/blocs\/europa\/wp-content\/uploads\/sites\/14\/2017\/03\/Foto-Mikel-i-Eduard-II-177x300.jpg 177w, https:\/\/www.iespasqualcalbo.cat\/blocs\/europa\/wp-content\/uploads\/sites\/14\/2017\/03\/Foto-Mikel-i-Eduard-II-768x1304.jpg 768w, https:\/\/www.iespasqualcalbo.cat\/blocs\/europa\/wp-content\/uploads\/sites\/14\/2017\/03\/Foto-Mikel-i-Eduard-II-603x1024.jpg 603w, https:\/\/www.iespasqualcalbo.cat\/blocs\/europa\/wp-content\/uploads\/sites\/14\/2017\/03\/Foto-Mikel-i-Eduard-II.jpg 1777w\" sizes=\"(max-width: 215px) 100vw, 215px\" \/><\/a><\/p>\n<p>&nbsp;<\/p>\n<p><span style=\"font-size: medium\">Diumenge dia 25 de mar\u00e7 el professor de Mecanitzat Mikel Navarro, va viatjar cap a Valence, Fran\u00e7a, per acompanyar al seu alumne Eduard Sans, que ha anat a fer un mes de pr\u00e0ctiques a l\u2019empresa <a href=\"http:\/\/www.zimmerbiomet.fr\/\">Zimmer Biomet<\/a>, i ha aprofitat el seus dies a Fran\u00e7a per establir nous contactes amb institucions i empreses de la zona per a futurs projectes europeus. <\/span><\/p>\n<p>&nbsp;<\/p>\n<p>&nbsp;<\/p>\n<p>&nbsp;<\/p>\n<p>&nbsp;<\/p>\n<p>&nbsp;<\/p>\n<p>&nbsp;<\/p>\n<p><span style=\"font-size: medium\">Dilluns mat\u00ed en Mikel i n\u2019Eduard van ser rebuts pels treballadors de Zimmer Biomet, qui els van fer una visita per totes les seves instal\u00b7lacions. Llavors es van poder entrevistar amb el Sr. Patrice, responsable de tota la producci\u00f3 mec\u00e0nica, aix\u00ed com dels processos d\u2019acabat, esterilitzaci\u00f3, control de qualitat i gesti\u00f3. Tamb\u00e9 van poder intercanviar impressions amb el Sr. Ram\u00f3n Diaz, fill d\u2019espanyols que treballa a l\u2019oficina t\u00e8cnica, i amb el Sr. Rafael Capuano, responsable de Seguretat de l\u2019empresa. <\/span><\/p>\n<p><span style=\"font-size: medium\">Finalment van con\u00e8ixer els treballadors que faran les funcions de tutors de n\u2019Eduard, Sebastian i Pierre, durant el torn del mat\u00ed i el capvespre respectivament.<\/span><\/p>\n<p>&nbsp;<\/p>\n<p><a href=\"http:\/\/iespasqualcalbo.cat\/blocs\/wp-content\/uploads\/sites\/14\/2017\/03\/Eduard-Sans-a-la-dreta-amb-el-tutor-dempresa-Eric-Gadea.jpg\"><img decoding=\"async\" class=\" wp-image-735 aligncenter\" src=\"http:\/\/iespasqualcalbo.cat\/blocs\/wp-content\/uploads\/sites\/14\/2017\/03\/Eduard-Sans-a-la-dreta-amb-el-tutor-dempresa-Eric-Gadea-300x225.jpg\" alt=\"\" width=\"336\" height=\"252\" srcset=\"https:\/\/www.iespasqualcalbo.cat\/blocs\/europa\/wp-content\/uploads\/sites\/14\/2017\/03\/Eduard-Sans-a-la-dreta-amb-el-tutor-dempresa-Eric-Gadea-300x225.jpg 300w, https:\/\/www.iespasqualcalbo.cat\/blocs\/europa\/wp-content\/uploads\/sites\/14\/2017\/03\/Eduard-Sans-a-la-dreta-amb-el-tutor-dempresa-Eric-Gadea-768x576.jpg 768w, https:\/\/www.iespasqualcalbo.cat\/blocs\/europa\/wp-content\/uploads\/sites\/14\/2017\/03\/Eduard-Sans-a-la-dreta-amb-el-tutor-dempresa-Eric-Gadea-1024x768.jpg 1024w, https:\/\/www.iespasqualcalbo.cat\/blocs\/europa\/wp-content\/uploads\/sites\/14\/2017\/03\/Eduard-Sans-a-la-dreta-amb-el-tutor-dempresa-Eric-Gadea.jpg 1600w\" sizes=\"(max-width: 336px) 100vw, 336px\" \/><\/a><\/p>\n<p>&nbsp;<\/p>\n<p><span style=\"font-size: medium\">Durant la seva estada a Valence, en Mikel aprofit\u00e0 per fer una visita a un institut situat a prop de la f\u00e0brica de Zimmer Biomet, el &#8220;Lyc\u00e9e Algoud Laffemas&#8221;, on s\u2019imparteixen cicles formatius de Mecanitzat i Electr\u00f2nica, a m\u00e9s de Batxillerat tecnol\u00f2gic. En aquest centre treballen per projectes i compten amb un gran equipament tant en maquin\u00e0ria com en programes. Empren TechPro o SolidWorks y SolidEdge. <\/span><\/p>\n<p><span style=\"font-size: medium\">Posteriorment en Mikel es despla\u00e7\u00e0 fins a Marsella per mirar d\u2019establir nous contactes. En primer lloc visit\u00e0 la seva universitat, Marseille university, on s\u2019imparteixen cursos tant d\u2019Abitur (FP i Batxillerat) durant 2 anys, com estudis universitaris de 5 anys d\u2019estudis. Finalment, va fer una visita a l\u2019empresa <\/span>CMR group, dedicada a fresat i tornejat de gran qualitat.<\/p>\n<p>&nbsp;<\/p>\n<p><a href=\"http:\/\/iespasqualcalbo.cat\/blocs\/wp-content\/uploads\/sites\/14\/2017\/04\/Foto-Mikel.jpg\"><img decoding=\"async\" class=\"wp-image-746 aligncenter\" src=\"http:\/\/iespasqualcalbo.cat\/blocs\/wp-content\/uploads\/sites\/14\/2017\/04\/Foto-Mikel-300x225.jpg\" alt=\"\" width=\"351\" height=\"263\" srcset=\"https:\/\/www.iespasqualcalbo.cat\/blocs\/europa\/wp-content\/uploads\/sites\/14\/2017\/04\/Foto-Mikel-300x225.jpg 300w, https:\/\/www.iespasqualcalbo.cat\/blocs\/europa\/wp-content\/uploads\/sites\/14\/2017\/04\/Foto-Mikel-768x576.jpg 768w, https:\/\/www.iespasqualcalbo.cat\/blocs\/europa\/wp-content\/uploads\/sites\/14\/2017\/04\/Foto-Mikel-1024x768.jpg 1024w, https:\/\/www.iespasqualcalbo.cat\/blocs\/europa\/wp-content\/uploads\/sites\/14\/2017\/04\/Foto-Mikel.jpg 1600w\" sizes=\"(max-width: 351px) 100vw, 351px\" \/><\/a><\/p>\n<p>Esperam que tant l\u2019estada d\u2019Eduard Sans a Zimmer Biomet com el viatge den Mikel Navarro serveixin per obrir noves portes als projectes europeus del nostre centre i millorar les possibilitats de mobilitats d\u2019alumnes i professorat, aix\u00ed com potenciar la transfer\u00e8ncia de coneixements amb altres entitats europees com les que ha visitat en Mikel.<\/p>\n<p>&nbsp;\t\t<\/p>\n","protected":false},"excerpt":{"rendered":"<p>&nbsp; Diumenge dia 25 de mar\u00e7 el professor de Mecanitzat Mikel Navarro, va viatjar cap a Valence, Fran\u00e7a, per acompanyar al seu alumne Eduard Sans, que ha anat a fer un mes de pr\u00e0ctiques a l\u2019empresa Zimmer Biomet, i ha &hellip; <a href=\"https:\/\/www.iespasqualcalbo.cat\/blocs\/europa\/2017\/04\/04\/impressions-del-viatge-de-mikel-navarro-com-a-professor-acompanyant-dun-alumne-erasmus\/\">Continua llegint <span class=\"meta-nav\">&rarr;<\/span><\/a> <a href=\"https:\/\/www.iespasqualcalbo.cat\/blocs\/europa\/2017\/04\/04\/impressions-del-viatge-de-mikel-navarro-com-a-professor-acompanyant-dun-alumne-erasmus\/\">Continua llegint <span class=\"meta-nav\">&rarr;<\/span><\/a><\/p>\n","protected":false},"author":1,"featured_media":0,"comment_status":"closed","ping_status":"closed","sticky":false,"template":"","format":"standard","meta":{"footnotes":""},"categories":[2],"tags":[],"class_list":["post-745","post","type-post","status-publish","format-standard","hentry","category-uncategorized"],"_links":{"self":[{"href":"https:\/\/www.iespasqualcalbo.cat\/blocs\/europa\/wp-json\/wp\/v2\/posts\/745","targetHints":{"allow":["GET"]}}],"collection":[{"href":"https:\/\/www.iespasqualcalbo.cat\/blocs\/europa\/wp-json\/wp\/v2\/posts"}],"about":[{"href":"https:\/\/www.iespasqualcalbo.cat\/blocs\/europa\/wp-json\/wp\/v2\/types\/post"}],"author":[{"embeddable":true,"href":"https:\/\/www.iespasqualcalbo.cat\/blocs\/europa\/wp-json\/wp\/v2\/users\/1"}],"replies":[{"embeddable":true,"href":"https:\/\/www.iespasqualcalbo.cat\/blocs\/europa\/wp-json\/wp\/v2\/comments?post=745"}],"version-history":[{"count":0,"href":"https:\/\/www.iespasqualcalbo.cat\/blocs\/europa\/wp-json\/wp\/v2\/posts\/745\/revisions"}],"wp:attachment":[{"href":"https:\/\/www.iespasqualcalbo.cat\/blocs\/europa\/wp-json\/wp\/v2\/media?parent=745"}],"wp:term":[{"taxonomy":"category","embeddable":true,"href":"https:\/\/www.iespasqualcalbo.cat\/blocs\/europa\/wp-json\/wp\/v2\/categories?post=745"},{"taxonomy":"post_tag","embeddable":true,"href":"https:\/\/www.iespasqualcalbo.cat\/blocs\/europa\/wp-json\/wp\/v2\/tags?post=745"}],"curies":[{"name":"wp","href":"https:\/\/api.w.org\/{rel}","templated":true}]}}