{"id":729,"date":"2017-03-31T12:32:46","date_gmt":"2017-03-31T10:32:46","guid":{"rendered":"http:\/\/iespasqualcalbo.cat\/blocs\/europa\/?p=729"},"modified":"2017-03-31T12:32:46","modified_gmt":"2017-03-31T10:32:46","slug":"5-alumnes-de-grau-mitja-inicien-les-seves-practiques-a-franca-regne-unit-i-finlandia","status":"publish","type":"post","link":"https:\/\/www.iespasqualcalbo.cat\/blocs\/europa\/2017\/03\/31\/5-alumnes-de-grau-mitja-inicien-les-seves-practiques-a-franca-regne-unit-i-finlandia\/","title":{"rendered":"5 alumnes de Grau Mitj\u00e0 inicien les seves pr\u00e0ctiques a Fran\u00e7a, Regne Unit i Finl\u00e0ndia"},"content":{"rendered":"<h3 class=\"western\" align=\"justify\"><strong><span style=\"font-family: Book Antiqua,serif\"><span style=\"font-size: medium\">Aquest curs 10 alumnes d\u2019FP de l\u2019IES Pasqual Calb\u00f3 i Cald\u00e9s han rebut una beca del programa Erasmus+, finan\u00e7at per la Uni\u00f3 Europea, per fer un per\u00edode de pr\u00e0ctiques en un altre pa\u00eds comunitari. D\u2019aquests, 5 alumnes de Grau Mitj\u00e0 van viatjar al seu pa\u00eds de dest\u00ed durant el passat cap de setmana per poder comen\u00e7ar les seves pr\u00e0ctiques formatives el passat dilluns dia 27, mentre que els altres 5 duran a terme la seva estada les darreres setmanes del curs. <\/span><\/span><\/strong><\/h3>\n<p class=\"western\" style=\"text-align: center\" align=\"justify\"><strong>La seva estada ha estat not\u00edcia al diari digital <a href=\"http:\/\/menorcaaldia.com\/2017\/03\/29\/fotos-el-ies-pasqual-calbo-exporta-talento-gracias-a-la-beca-erasmus\/\">Menorca al dia<\/a>.<\/strong><\/p>\n<p class=\"western\" align=\"justify\"><span style=\"font-family: Book Antiqua,serif\"><span style=\"font-size: medium\">3 alumnes del CFGM de Jardineria i Floristeria, Erica Sauder, Marina Gonz\u00e1lez i Neus Febrer, faran 4 setmanes de pr\u00e0ctiques a la localitat de Kempele, al centre de Formaci\u00f3 Professional Oulu Vocational College i a l\u2019empresa Alenius Garden.<\/span><\/span><\/p>\n<p class=\"western\" align=\"justify\">Van arribar diumenge a Kempele, dilluns van con\u00e8ixer els professors i alumnes d&#8217;all\u00e0 i el seu tutor de pr\u00e0ctiques, en Veli Mathlin, els van mostrar les instal\u00b7lacions i dimarts ja van treballar en composicions florals.<\/p>\n<p class=\"western\" align=\"justify\"><span style=\"font-family: Book Antiqua,serif\"><span style=\"font-size: medium\">Per altra banda, Juli\u00e1n Irigoyen, alumne del CFGM de Gesti\u00f3 Administrativa, far\u00e0 un mes de pr\u00e0ctiques a l\u2019empresa Insight4life de Portsmouth, al sud del Regne Unit.<\/span><\/span> Dilluns va con\u00e8ixer el seu cap d&#8217;empresa i els companys que treballaran amb ell aquestes 4 setmanes.<\/p>\n<p class=\"western\" align=\"justify\"><a href=\"http:\/\/iespasqualcalbo.cat\/blocs\/wp-content\/uploads\/sites\/14\/2017\/03\/Erica-Neus-i-Marina-a-ivernacle-del-centre-finland\u00e8s.jpg\"><img fetchpriority=\"high\" decoding=\"async\" class=\"alignleft wp-image-730\" src=\"http:\/\/iespasqualcalbo.cat\/blocs\/wp-content\/uploads\/sites\/14\/2017\/03\/Erica-Neus-i-Marina-a-ivernacle-del-centre-finland\u00e8s-300x255.jpg\" alt=\"\" width=\"266\" height=\"226\" srcset=\"https:\/\/www.iespasqualcalbo.cat\/blocs\/europa\/wp-content\/uploads\/sites\/14\/2017\/03\/Erica-Neus-i-Marina-a-ivernacle-del-centre-finland\u00e8s-300x255.jpg 300w, https:\/\/www.iespasqualcalbo.cat\/blocs\/europa\/wp-content\/uploads\/sites\/14\/2017\/03\/Erica-Neus-i-Marina-a-ivernacle-del-centre-finland\u00e8s-768x652.jpg 768w, https:\/\/www.iespasqualcalbo.cat\/blocs\/europa\/wp-content\/uploads\/sites\/14\/2017\/03\/Erica-Neus-i-Marina-a-ivernacle-del-centre-finland\u00e8s-1024x869.jpg 1024w, https:\/\/www.iespasqualcalbo.cat\/blocs\/europa\/wp-content\/uploads\/sites\/14\/2017\/03\/Erica-Neus-i-Marina-a-ivernacle-del-centre-finland\u00e8s.jpg 1191w\" sizes=\"(max-width: 266px) 100vw, 266px\" \/><\/a><a href=\"http:\/\/iespasqualcalbo.cat\/blocs\/wp-content\/uploads\/sites\/14\/2017\/03\/Neus-i-Marina-a-lhivernacle-amb-Veli.jpg\"><img decoding=\"async\" class=\"alignleft size-medium wp-image-732\" src=\"http:\/\/iespasqualcalbo.cat\/blocs\/wp-content\/uploads\/sites\/14\/2017\/03\/Neus-i-Marina-a-lhivernacle-amb-Veli-300x225.jpg\" alt=\"\" width=\"300\" height=\"225\" srcset=\"https:\/\/www.iespasqualcalbo.cat\/blocs\/europa\/wp-content\/uploads\/sites\/14\/2017\/03\/Neus-i-Marina-a-lhivernacle-amb-Veli-300x225.jpg 300w, https:\/\/www.iespasqualcalbo.cat\/blocs\/europa\/wp-content\/uploads\/sites\/14\/2017\/03\/Neus-i-Marina-a-lhivernacle-amb-Veli-768x576.jpg 768w, https:\/\/www.iespasqualcalbo.cat\/blocs\/europa\/wp-content\/uploads\/sites\/14\/2017\/03\/Neus-i-Marina-a-lhivernacle-amb-Veli-1024x768.jpg 1024w, https:\/\/www.iespasqualcalbo.cat\/blocs\/europa\/wp-content\/uploads\/sites\/14\/2017\/03\/Neus-i-Marina-a-lhivernacle-amb-Veli.jpg 1600w\" sizes=\"(max-width: 300px) 100vw, 300px\" \/><\/a><\/p>\n<p class=\"western\" align=\"justify\">\n<p class=\"western\" align=\"justify\">\n<p class=\"western\" align=\"justify\">\n<p class=\"western\" align=\"justify\">\n<p class=\"western\" align=\"justify\">\n<p class=\"western\" align=\"justify\">\n<p class=\"western\" align=\"justify\"><a href=\"http:\/\/iespasqualcalbo.cat\/blocs\/wp-content\/uploads\/sites\/14\/2017\/03\/Marina-i-Neus-amb-centres-florals.jpg\"><img decoding=\"async\" class=\"alignleft size-medium wp-image-733\" src=\"http:\/\/iespasqualcalbo.cat\/blocs\/wp-content\/uploads\/sites\/14\/2017\/03\/Marina-i-Neus-amb-centres-florals-300x225.jpg\" alt=\"\" width=\"300\" height=\"225\" srcset=\"https:\/\/www.iespasqualcalbo.cat\/blocs\/europa\/wp-content\/uploads\/sites\/14\/2017\/03\/Marina-i-Neus-amb-centres-florals-300x225.jpg 300w, https:\/\/www.iespasqualcalbo.cat\/blocs\/europa\/wp-content\/uploads\/sites\/14\/2017\/03\/Marina-i-Neus-amb-centres-florals-768x576.jpg 768w, https:\/\/www.iespasqualcalbo.cat\/blocs\/europa\/wp-content\/uploads\/sites\/14\/2017\/03\/Marina-i-Neus-amb-centres-florals-1024x768.jpg 1024w, https:\/\/www.iespasqualcalbo.cat\/blocs\/europa\/wp-content\/uploads\/sites\/14\/2017\/03\/Marina-i-Neus-amb-centres-florals.jpg 1600w\" sizes=\"(max-width: 300px) 100vw, 300px\" \/><\/a><a href=\"http:\/\/iespasqualcalbo.cat\/blocs\/wp-content\/uploads\/sites\/14\/2017\/03\/Julian-Irigoyen-1r-per-lesquerra-amb-companys-de-pr\u00e0ctiques.jpg\"><img loading=\"lazy\" decoding=\"async\" class=\" wp-image-734 aligncenter\" src=\"http:\/\/iespasqualcalbo.cat\/blocs\/wp-content\/uploads\/sites\/14\/2017\/03\/Julian-Irigoyen-1r-per-lesquerra-amb-companys-de-pr\u00e0ctiques-300x169.jpg\" alt=\"\" width=\"414\" height=\"233\" srcset=\"https:\/\/www.iespasqualcalbo.cat\/blocs\/europa\/wp-content\/uploads\/sites\/14\/2017\/03\/Julian-Irigoyen-1r-per-lesquerra-amb-companys-de-pr\u00e0ctiques-300x169.jpg 300w, https:\/\/www.iespasqualcalbo.cat\/blocs\/europa\/wp-content\/uploads\/sites\/14\/2017\/03\/Julian-Irigoyen-1r-per-lesquerra-amb-companys-de-pr\u00e0ctiques-768x432.jpg 768w, https:\/\/www.iespasqualcalbo.cat\/blocs\/europa\/wp-content\/uploads\/sites\/14\/2017\/03\/Julian-Irigoyen-1r-per-lesquerra-amb-companys-de-pr\u00e0ctiques-1024x576.jpg 1024w, https:\/\/www.iespasqualcalbo.cat\/blocs\/europa\/wp-content\/uploads\/sites\/14\/2017\/03\/Julian-Irigoyen-1r-per-lesquerra-amb-companys-de-pr\u00e0ctiques.jpg 1328w\" sizes=\"(max-width: 414px) 100vw, 414px\" \/><\/a><\/p>\n<p class=\"western\" align=\"justify\"><a href=\"http:\/\/iespasqualcalbo.cat\/blocs\/wp-content\/uploads\/sites\/14\/2017\/03\/Foto-Mikel-i-Eduard-II.jpg\"><img loading=\"lazy\" decoding=\"async\" class=\"alignleft wp-image-738\" src=\"http:\/\/iespasqualcalbo.cat\/blocs\/wp-content\/uploads\/sites\/14\/2017\/03\/Foto-Mikel-i-Eduard-II-177x300.jpg\" alt=\"\" width=\"247\" height=\"419\" srcset=\"https:\/\/www.iespasqualcalbo.cat\/blocs\/europa\/wp-content\/uploads\/sites\/14\/2017\/03\/Foto-Mikel-i-Eduard-II-177x300.jpg 177w, https:\/\/www.iespasqualcalbo.cat\/blocs\/europa\/wp-content\/uploads\/sites\/14\/2017\/03\/Foto-Mikel-i-Eduard-II-768x1304.jpg 768w, https:\/\/www.iespasqualcalbo.cat\/blocs\/europa\/wp-content\/uploads\/sites\/14\/2017\/03\/Foto-Mikel-i-Eduard-II-603x1024.jpg 603w, https:\/\/www.iespasqualcalbo.cat\/blocs\/europa\/wp-content\/uploads\/sites\/14\/2017\/03\/Foto-Mikel-i-Eduard-II.jpg 1777w\" sizes=\"(max-width: 247px) 100vw, 247px\" \/><\/a><span style=\"font-family: Book Antiqua,serif\"><span style=\"font-size: medium\">Finalment, un alumne del CFGM de Fabricaci\u00f3 Mec\u00e0nica, Eduard Sans, ha iniciat la seva estada formativa a la seu francesa de la multinacional Zimmer Biomet, situada a la localitat de Valence, al sud de Lion. N&#8217;Eduard va fer el viatge fins a Valence diumenge acompanyat pel professor Mikel Navarro. <\/span><\/span><\/p>\n<p class=\"western\" align=\"justify\"><span style=\"font-family: Book Antiqua,serif\"><span style=\"font-size: medium\">Dilluns dia 27 van anar fins a Zimmer Biomet France i el seu tutor, Eric Gadea, els va mostrar totes les instal\u00b7lacions d&#8217;aquesta f\u00e0brica de pr\u00f2tesis i altres productes ortoprot\u00e8sics.<br \/>\n<\/span><\/span><\/p>\n<p class=\"western\" align=\"justify\"><a href=\"http:\/\/iespasqualcalbo.cat\/blocs\/wp-content\/uploads\/sites\/14\/2017\/03\/Eduard-Sans-a-la-dreta-amb-el-tutor-dempresa-Eric-Gadea.jpg\"><img loading=\"lazy\" decoding=\"async\" class=\"wp-image-735 aligncenter\" src=\"http:\/\/iespasqualcalbo.cat\/blocs\/wp-content\/uploads\/sites\/14\/2017\/03\/Eduard-Sans-a-la-dreta-amb-el-tutor-dempresa-Eric-Gadea-300x225.jpg\" alt=\"\" width=\"420\" height=\"315\" srcset=\"https:\/\/www.iespasqualcalbo.cat\/blocs\/europa\/wp-content\/uploads\/sites\/14\/2017\/03\/Eduard-Sans-a-la-dreta-amb-el-tutor-dempresa-Eric-Gadea-300x225.jpg 300w, https:\/\/www.iespasqualcalbo.cat\/blocs\/europa\/wp-content\/uploads\/sites\/14\/2017\/03\/Eduard-Sans-a-la-dreta-amb-el-tutor-dempresa-Eric-Gadea-768x576.jpg 768w, https:\/\/www.iespasqualcalbo.cat\/blocs\/europa\/wp-content\/uploads\/sites\/14\/2017\/03\/Eduard-Sans-a-la-dreta-amb-el-tutor-dempresa-Eric-Gadea-1024x768.jpg 1024w, https:\/\/www.iespasqualcalbo.cat\/blocs\/europa\/wp-content\/uploads\/sites\/14\/2017\/03\/Eduard-Sans-a-la-dreta-amb-el-tutor-dempresa-Eric-Gadea.jpg 1600w\" sizes=\"(max-width: 420px) 100vw, 420px\" \/><\/a><\/p>\n<p class=\"western\" lang=\"es-ES\" align=\"justify\"><span style=\"font-family: Book Antiqua,serif\"><span style=\"font-size: medium\"><span lang=\"ca-ES\">Amb aquestes 5 estades formatives, l\u2019IES Pasqual Calb\u00f3 i Cald\u00e9s finaltiza un el seu projecte ERASMUS+ per alumnes de GM iniciat el curs passat amb un total de 15 estades de 4 setmanes d\u2019alumnes de tots els Cicles formatius del centre i 2 mobilitats formatives del professorat i un pressupost total de 31.837 \u20ac, i comen\u00e7a el seu projecte per GM i FP B\u00e0sica sol\u00b7licitat el 2016.\u00a0 <\/span><\/span><\/span><\/p>\n","protected":false},"excerpt":{"rendered":"<p>Aquest curs 10 alumnes d\u2019FP de l\u2019IES Pasqual Calb\u00f3 i Cald\u00e9s han rebut una beca del programa Erasmus+, finan\u00e7at per la Uni\u00f3 Europea, per fer un per\u00edode de pr\u00e0ctiques en un altre pa\u00eds comunitari. D\u2019aquests, 5 alumnes de Grau Mitj\u00e0 &hellip; <a href=\"https:\/\/www.iespasqualcalbo.cat\/blocs\/europa\/2017\/03\/31\/5-alumnes-de-grau-mitja-inicien-les-seves-practiques-a-franca-regne-unit-i-finlandia\/\">Continua llegint <span class=\"meta-nav\">&rarr;<\/span><\/a> <a href=\"https:\/\/www.iespasqualcalbo.cat\/blocs\/europa\/2017\/03\/31\/5-alumnes-de-grau-mitja-inicien-les-seves-practiques-a-franca-regne-unit-i-finlandia\/\">Continua llegint <span class=\"meta-nav\">&rarr;<\/span><\/a><\/p>\n","protected":false},"author":1,"featured_media":0,"comment_status":"closed","ping_status":"closed","sticky":false,"template":"","format":"standard","meta":{"footnotes":""},"categories":[2],"tags":[],"class_list":["post-729","post","type-post","status-publish","format-standard","hentry","category-uncategorized"],"_links":{"self":[{"href":"https:\/\/www.iespasqualcalbo.cat\/blocs\/europa\/wp-json\/wp\/v2\/posts\/729","targetHints":{"allow":["GET"]}}],"collection":[{"href":"https:\/\/www.iespasqualcalbo.cat\/blocs\/europa\/wp-json\/wp\/v2\/posts"}],"about":[{"href":"https:\/\/www.iespasqualcalbo.cat\/blocs\/europa\/wp-json\/wp\/v2\/types\/post"}],"author":[{"embeddable":true,"href":"https:\/\/www.iespasqualcalbo.cat\/blocs\/europa\/wp-json\/wp\/v2\/users\/1"}],"replies":[{"embeddable":true,"href":"https:\/\/www.iespasqualcalbo.cat\/blocs\/europa\/wp-json\/wp\/v2\/comments?post=729"}],"version-history":[{"count":0,"href":"https:\/\/www.iespasqualcalbo.cat\/blocs\/europa\/wp-json\/wp\/v2\/posts\/729\/revisions"}],"wp:attachment":[{"href":"https:\/\/www.iespasqualcalbo.cat\/blocs\/europa\/wp-json\/wp\/v2\/media?parent=729"}],"wp:term":[{"taxonomy":"category","embeddable":true,"href":"https:\/\/www.iespasqualcalbo.cat\/blocs\/europa\/wp-json\/wp\/v2\/categories?post=729"},{"taxonomy":"post_tag","embeddable":true,"href":"https:\/\/www.iespasqualcalbo.cat\/blocs\/europa\/wp-json\/wp\/v2\/tags?post=729"}],"curies":[{"name":"wp","href":"https:\/\/api.w.org\/{rel}","templated":true}]}}