{"id":71,"date":"2010-05-03T16:10:04","date_gmt":"2010-05-03T14:10:04","guid":{"rendered":"http:\/\/iespasqualcalbo.cat\/blocs\/europa\/?p=71"},"modified":"2010-05-03T16:10:04","modified_gmt":"2010-05-03T14:10:04","slug":"darrera-setmana-de-practiques","status":"publish","type":"post","link":"https:\/\/www.iespasqualcalbo.cat\/blocs\/europa\/2010\/05\/03\/darrera-setmana-de-practiques\/","title":{"rendered":"DARRERA SETMANA DE PR\u00c0CTIQUES"},"content":{"rendered":"<p>\t\t\t\t<a href=\"http:\/\/iespasqualcalbo.cat\/blocs\/wp-content\/uploads\/sites\/14\/2010\/05\/Bulgaria-187.jpg\"><\/a><\/p>\n<p>Avui comen\u00e7a la darrera setmana d&#8217;aquests pioners a Bulg\u00e0ria. Aquestes s\u00f3n algunes de les fotos que ens han enviat per exemplificar les pr\u00e0ctiques que fan els nostres alumnes. Es tracta d&#8217;un edifici d&#8217;apartaments als que estan fent feina aquests dies.<\/p>\n<p><!--more--><!--more-->\t\t<\/p>\n","protected":false},"excerpt":{"rendered":"<p>Avui comen\u00e7a la darrera setmana d&#8217;aquests pioners a Bulg\u00e0ria. Aquestes s\u00f3n algunes de les fotos que ens han enviat per exemplificar les pr\u00e0ctiques que fan els nostres alumnes. Es tracta d&#8217;un edifici d&#8217;apartaments als que estan fent feina aquests dies. <a href=\"https:\/\/www.iespasqualcalbo.cat\/blocs\/europa\/2010\/05\/03\/darrera-setmana-de-practiques\/\">Continua llegint <span class=\"meta-nav\">&rarr;<\/span><\/a><\/p>\n","protected":false},"author":1,"featured_media":0,"comment_status":"open","ping_status":"open","sticky":false,"template":"","format":"standard","meta":{"footnotes":""},"categories":[2],"tags":[],"class_list":["post-71","post","type-post","status-publish","format-standard","hentry","category-uncategorized"],"_links":{"self":[{"href":"https:\/\/www.iespasqualcalbo.cat\/blocs\/europa\/wp-json\/wp\/v2\/posts\/71","targetHints":{"allow":["GET"]}}],"collection":[{"href":"https:\/\/www.iespasqualcalbo.cat\/blocs\/europa\/wp-json\/wp\/v2\/posts"}],"about":[{"href":"https:\/\/www.iespasqualcalbo.cat\/blocs\/europa\/wp-json\/wp\/v2\/types\/post"}],"author":[{"embeddable":true,"href":"https:\/\/www.iespasqualcalbo.cat\/blocs\/europa\/wp-json\/wp\/v2\/users\/1"}],"replies":[{"embeddable":true,"href":"https:\/\/www.iespasqualcalbo.cat\/blocs\/europa\/wp-json\/wp\/v2\/comments?post=71"}],"version-history":[{"count":0,"href":"https:\/\/www.iespasqualcalbo.cat\/blocs\/europa\/wp-json\/wp\/v2\/posts\/71\/revisions"}],"wp:attachment":[{"href":"https:\/\/www.iespasqualcalbo.cat\/blocs\/europa\/wp-json\/wp\/v2\/media?parent=71"}],"wp:term":[{"taxonomy":"category","embeddable":true,"href":"https:\/\/www.iespasqualcalbo.cat\/blocs\/europa\/wp-json\/wp\/v2\/categories?post=71"},{"taxonomy":"post_tag","embeddable":true,"href":"https:\/\/www.iespasqualcalbo.cat\/blocs\/europa\/wp-json\/wp\/v2\/tags?post=71"}],"curies":[{"name":"wp","href":"https:\/\/api.w.org\/{rel}","templated":true}]}}