{"id":707,"date":"2016-11-17T21:12:33","date_gmt":"2016-11-17T19:12:33","guid":{"rendered":"http:\/\/iespasqualcalbo.cat\/blocs\/europa\/?p=707"},"modified":"2016-11-17T21:12:33","modified_gmt":"2016-11-17T19:12:33","slug":"lies-pasqual-calbo-esta-preparant-diferents-activitats-per-a-la-setmana-europea-de-lfp","status":"publish","type":"post","link":"https:\/\/www.iespasqualcalbo.cat\/blocs\/europa\/2016\/11\/17\/lies-pasqual-calbo-esta-preparant-diferents-activitats-per-a-la-setmana-europea-de-lfp\/","title":{"rendered":"L&#8217;IES Pasqual Calb\u00f3 est\u00e0 preparant diferents activitats per a la Setmana Europea de l&#8217;FP"},"content":{"rendered":"<p>\t\t\t\tL&#8217;institut participar\u00e0 activament en la primera <a href=\"http:\/\/ec.europa.eu\/social\/main.jsp?langId=en&amp;catId=1261\">Setmana Europea de l&#8217;FP<\/a> que es celebrar\u00e0 del 5 al 9 de desembre.<\/p>\n<p>El departament d&#8217;MSP ha dissenyat una activitat pels alumnes del CFGS de Prevenci\u00f3 de Riscos Professionals i el d&#8217;Electricitat far\u00e0 un concurs entre alumnes d&#8217;FP B\u00e0sica i GM del torn de mat\u00ed que consistir\u00e0 en muntar una instal\u00b7laci\u00f3 el\u00e8ctrica i un automatisme.<\/p>\n<p>En aquestes imatges podeu veure com ja estan preparant els taulells per dur a terme el concurs el proper 7 de desembre.<\/p>\n<p><a href=\"http:\/\/iespasqualcalbo.cat\/blocs\/wp-content\/uploads\/sites\/14\/2016\/11\/IMG_20161115_083820508.jpg\"><img fetchpriority=\"high\" decoding=\"async\" class=\"alignleft size-medium wp-image-708\" src=\"http:\/\/iespasqualcalbo.cat\/blocs\/wp-content\/uploads\/sites\/14\/2016\/11\/IMG_20161115_083820508-300x225.jpg\" alt=\"img_20161115_083820508\" width=\"300\" height=\"225\" srcset=\"https:\/\/www.iespasqualcalbo.cat\/blocs\/europa\/wp-content\/uploads\/sites\/14\/2016\/11\/IMG_20161115_083820508-300x225.jpg 300w, https:\/\/www.iespasqualcalbo.cat\/blocs\/europa\/wp-content\/uploads\/sites\/14\/2016\/11\/IMG_20161115_083820508-768x576.jpg 768w, https:\/\/www.iespasqualcalbo.cat\/blocs\/europa\/wp-content\/uploads\/sites\/14\/2016\/11\/IMG_20161115_083820508-1024x768.jpg 1024w\" sizes=\"(max-width: 300px) 100vw, 300px\" \/><\/a>\u00a0\u00a0\u00a0 <a href=\"http:\/\/iespasqualcalbo.cat\/blocs\/wp-content\/uploads\/sites\/14\/2016\/11\/IMG_20161115_092114408.jpg\"><img decoding=\"async\" class=\"alignleft size-medium wp-image-709\" src=\"http:\/\/iespasqualcalbo.cat\/blocs\/wp-content\/uploads\/sites\/14\/2016\/11\/IMG_20161115_092114408-300x225.jpg\" alt=\"img_20161115_092114408\" width=\"300\" height=\"225\" srcset=\"https:\/\/www.iespasqualcalbo.cat\/blocs\/europa\/wp-content\/uploads\/sites\/14\/2016\/11\/IMG_20161115_092114408-300x225.jpg 300w, https:\/\/www.iespasqualcalbo.cat\/blocs\/europa\/wp-content\/uploads\/sites\/14\/2016\/11\/IMG_20161115_092114408-768x576.jpg 768w, https:\/\/www.iespasqualcalbo.cat\/blocs\/europa\/wp-content\/uploads\/sites\/14\/2016\/11\/IMG_20161115_092114408-1024x768.jpg 1024w\" sizes=\"(max-width: 300px) 100vw, 300px\" \/><\/a><a href=\"http:\/\/iespasqualcalbo.cat\/blocs\/wp-content\/uploads\/sites\/14\/2016\/11\/IMG_20161115_092058975.jpg\"><img decoding=\"async\" class=\"alignleft size-medium wp-image-710\" src=\"http:\/\/iespasqualcalbo.cat\/blocs\/wp-content\/uploads\/sites\/14\/2016\/11\/IMG_20161115_092058975-300x225.jpg\" alt=\"img_20161115_092058975\" width=\"300\" height=\"225\" srcset=\"https:\/\/www.iespasqualcalbo.cat\/blocs\/europa\/wp-content\/uploads\/sites\/14\/2016\/11\/IMG_20161115_092058975-300x225.jpg 300w, https:\/\/www.iespasqualcalbo.cat\/blocs\/europa\/wp-content\/uploads\/sites\/14\/2016\/11\/IMG_20161115_092058975-768x576.jpg 768w, https:\/\/www.iespasqualcalbo.cat\/blocs\/europa\/wp-content\/uploads\/sites\/14\/2016\/11\/IMG_20161115_092058975-1024x768.jpg 1024w\" sizes=\"(max-width: 300px) 100vw, 300px\" \/><\/a> <a href=\"http:\/\/iespasqualcalbo.cat\/blocs\/wp-content\/uploads\/sites\/14\/2016\/11\/IMG_20161115_092139907.jpg\"><img loading=\"lazy\" decoding=\"async\" class=\"alignleft size-medium wp-image-711\" src=\"http:\/\/iespasqualcalbo.cat\/blocs\/wp-content\/uploads\/sites\/14\/2016\/11\/IMG_20161115_092139907-225x300.jpg\" alt=\"img_20161115_092139907\" width=\"225\" height=\"300\" srcset=\"https:\/\/www.iespasqualcalbo.cat\/blocs\/europa\/wp-content\/uploads\/sites\/14\/2016\/11\/IMG_20161115_092139907-225x300.jpg 225w, https:\/\/www.iespasqualcalbo.cat\/blocs\/europa\/wp-content\/uploads\/sites\/14\/2016\/11\/IMG_20161115_092139907-768x1024.jpg 768w\" sizes=\"(max-width: 225px) 100vw, 225px\" \/><\/a><\/p>\n<p>&nbsp;<\/p>\n<p>&nbsp;\t\t<\/p>\n","protected":false},"excerpt":{"rendered":"<p>L&#8217;institut participar\u00e0 activament en la primera Setmana Europea de l&#8217;FP que es celebrar\u00e0 del 5 al 9 de desembre. El departament d&#8217;MSP ha dissenyat una activitat pels alumnes del CFGS de Prevenci\u00f3 de Riscos Professionals i el d&#8217;Electricitat far\u00e0 un &hellip; <a href=\"https:\/\/www.iespasqualcalbo.cat\/blocs\/europa\/2016\/11\/17\/lies-pasqual-calbo-esta-preparant-diferents-activitats-per-a-la-setmana-europea-de-lfp\/\">Continua llegint <span class=\"meta-nav\">&rarr;<\/span><\/a> <a href=\"https:\/\/www.iespasqualcalbo.cat\/blocs\/europa\/2016\/11\/17\/lies-pasqual-calbo-esta-preparant-diferents-activitats-per-a-la-setmana-europea-de-lfp\/\">Continua llegint <span class=\"meta-nav\">&rarr;<\/span><\/a><\/p>\n","protected":false},"author":1,"featured_media":0,"comment_status":"closed","ping_status":"closed","sticky":false,"template":"","format":"standard","meta":{"footnotes":""},"categories":[2],"tags":[],"class_list":["post-707","post","type-post","status-publish","format-standard","hentry","category-uncategorized"],"_links":{"self":[{"href":"https:\/\/www.iespasqualcalbo.cat\/blocs\/europa\/wp-json\/wp\/v2\/posts\/707","targetHints":{"allow":["GET"]}}],"collection":[{"href":"https:\/\/www.iespasqualcalbo.cat\/blocs\/europa\/wp-json\/wp\/v2\/posts"}],"about":[{"href":"https:\/\/www.iespasqualcalbo.cat\/blocs\/europa\/wp-json\/wp\/v2\/types\/post"}],"author":[{"embeddable":true,"href":"https:\/\/www.iespasqualcalbo.cat\/blocs\/europa\/wp-json\/wp\/v2\/users\/1"}],"replies":[{"embeddable":true,"href":"https:\/\/www.iespasqualcalbo.cat\/blocs\/europa\/wp-json\/wp\/v2\/comments?post=707"}],"version-history":[{"count":0,"href":"https:\/\/www.iespasqualcalbo.cat\/blocs\/europa\/wp-json\/wp\/v2\/posts\/707\/revisions"}],"wp:attachment":[{"href":"https:\/\/www.iespasqualcalbo.cat\/blocs\/europa\/wp-json\/wp\/v2\/media?parent=707"}],"wp:term":[{"taxonomy":"category","embeddable":true,"href":"https:\/\/www.iespasqualcalbo.cat\/blocs\/europa\/wp-json\/wp\/v2\/categories?post=707"},{"taxonomy":"post_tag","embeddable":true,"href":"https:\/\/www.iespasqualcalbo.cat\/blocs\/europa\/wp-json\/wp\/v2\/tags?post=707"}],"curies":[{"name":"wp","href":"https:\/\/api.w.org\/{rel}","templated":true}]}}