{"id":667,"date":"2016-05-11T12:46:44","date_gmt":"2016-05-11T10:46:44","guid":{"rendered":"http:\/\/iespasqualcalbo.cat\/blocs\/europa\/?p=667"},"modified":"2016-05-11T12:46:44","modified_gmt":"2016-05-11T10:46:44","slug":"9-alumnes-de-grau-mitja-han-finalitzat-les-seves-practiques-a-regne-unit-i-finlandia","status":"publish","type":"post","link":"https:\/\/www.iespasqualcalbo.cat\/blocs\/europa\/2016\/05\/11\/9-alumnes-de-grau-mitja-han-finalitzat-les-seves-practiques-a-regne-unit-i-finlandia\/","title":{"rendered":"9 alumnes de Grau Mitj\u00e0 han finalitzat les seves pr\u00e0ctiques a Regne Unit i Finl\u00e0ndia"},"content":{"rendered":"<h2 class=\"western\" align=\"justify\"><span style=\"font-family: Book Antiqua,serif\"><span style=\"font-size: medium\"><span lang=\"ca-ES\">Aquest curs 10 alumnes d\u2019FP del nostre centre han rebut una beca Erasmus+ per fer un per\u00edode de pr\u00e0ctiques en un altre pa\u00eds europeu. D\u2019aquests, els 9 alumnes de Grau Mitj\u00e0 han finalitzat ja la seva estada i han tornat ja a Menorca, mentre que Javier Robles Molina, de Grau Superior, estar\u00e0 encara fins a principis de juny a Finl\u00e0ndia. <\/span><\/span><\/span><\/h2>\n<h2 class=\"western\" align=\"center\"><\/h2>\n<h2 class=\"western\" align=\"justify\"><span style=\"font-family: Book Antiqua,serif\"><span style=\"font-size: medium\"><span lang=\"ca-ES\">4 alumnes han estat 4 setmanes al Regne Unit mentre que 5 alumnes han pogut fer nom\u00e9s 22 dies de pr\u00e0ctiques a Finl\u00e0ndia despr\u00e9s que la seva estada es vei\u00e9s redu\u00efda per la cancel\u00b7laci\u00f3 del seu vol de Palma a Helsinki. <\/span><\/span><\/span><\/h2>\n<h2 class=\"western\" align=\"justify\">\u00a0<a href=\"http:\/\/iespasqualcalbo.cat\/blocs\/wp-content\/uploads\/sites\/14\/2016\/05\/Londres-2.jpg\"><img fetchpriority=\"high\" decoding=\"async\" class=\"aligncenter size-medium wp-image-648\" src=\"http:\/\/iespasqualcalbo.cat\/blocs\/wp-content\/uploads\/sites\/14\/2016\/05\/Londres-2-300x225.jpg\" alt=\"Londres 2\" width=\"300\" height=\"225\" srcset=\"https:\/\/www.iespasqualcalbo.cat\/blocs\/europa\/wp-content\/uploads\/sites\/14\/2016\/05\/Londres-2-300x225.jpg 300w, https:\/\/www.iespasqualcalbo.cat\/blocs\/europa\/wp-content\/uploads\/sites\/14\/2016\/05\/Londres-2-768x576.jpg 768w, https:\/\/www.iespasqualcalbo.cat\/blocs\/europa\/wp-content\/uploads\/sites\/14\/2016\/05\/Londres-2-1024x768.jpg 1024w, https:\/\/www.iespasqualcalbo.cat\/blocs\/europa\/wp-content\/uploads\/sites\/14\/2016\/05\/Londres-2.jpg 1600w\" sizes=\"(max-width: 300px) 100vw, 300px\" \/><\/a><\/h2>\n<h2 class=\"western\" align=\"justify\"><span style=\"font-family: Book Antiqua,serif\"><span style=\"font-size: medium\"><span lang=\"ca-ES\">Al Regne Unit, les 2 alumnes del <\/span><\/span><\/span><span style=\"font-family: Book Antiqua,serif\"><span style=\"font-size: medium\"><span lang=\"ca-ES\">Cicle Formatiu de Gesti\u00f3 Administrativa, Maria All\u00e9s i Gemma Carreras, <\/span><\/span><\/span><span style=\"font-family: Book Antiqua,serif\"><span style=\"font-size: medium\"><span lang=\"ca-ES\">han realitzat les seves pr\u00e0ctiques a la localitat de Portsmouth mentre que <\/span><\/span><\/span><span style=\"font-family: Book Antiqua,serif\"><span style=\"font-size: medium\"><span lang=\"ca-ES\">Miquel Sintes i Joan Bosch<\/span><\/span><\/span><span style=\"font-family: Book Antiqua,serif\"><span style=\"font-size: medium\"><span lang=\"ca-ES\">, alumnes del <\/span><\/span><\/span><span style=\"font-family: Book Antiqua,serif\"><span style=\"font-size: medium\"><span lang=\"ca-ES\">CFGM de Fabricaci\u00f3 Mec\u00e0nica<\/span><\/span><\/span><span style=\"font-family: Book Antiqua,serif\"><span style=\"font-size: medium\"><span lang=\"ca-ES\"> han estat al poble gal\u00b7l\u00e8s de Llangollen. Els 4 alumnes van poder trobar-se per passar un cap de setmana junts a Londres. <\/span><\/span><\/span><\/h2>\n<h2 class=\"western\" align=\"justify\">\u00a0<a href=\"http:\/\/iespasqualcalbo.cat\/blocs\/wp-content\/uploads\/sites\/14\/2016\/05\/empresa.jpg\"><img decoding=\"async\" class=\"size-medium wp-image-638 alignleft\" src=\"http:\/\/iespasqualcalbo.cat\/blocs\/wp-content\/uploads\/sites\/14\/2016\/05\/empresa-300x201.jpg\" alt=\"empresa\" width=\"300\" height=\"201\" srcset=\"https:\/\/www.iespasqualcalbo.cat\/blocs\/europa\/wp-content\/uploads\/sites\/14\/2016\/05\/empresa-300x201.jpg 300w, https:\/\/www.iespasqualcalbo.cat\/blocs\/europa\/wp-content\/uploads\/sites\/14\/2016\/05\/empresa.jpg 640w\" sizes=\"(max-width: 300px) 100vw, 300px\" \/><\/a><\/h2>\n<h2 class=\"western\" align=\"justify\">\u00a0<a href=\"http:\/\/iespasqualcalbo.cat\/blocs\/wp-content\/uploads\/sites\/14\/2016\/05\/Estaci\u00f3-1.jpg\"><img decoding=\"async\" class=\"aligncenter size-medium wp-image-646\" src=\"http:\/\/iespasqualcalbo.cat\/blocs\/wp-content\/uploads\/sites\/14\/2016\/05\/Estaci\u00f3-1-300x225.jpg\" alt=\"Estaci\u00f3 1\" width=\"300\" height=\"225\" srcset=\"https:\/\/www.iespasqualcalbo.cat\/blocs\/europa\/wp-content\/uploads\/sites\/14\/2016\/05\/Estaci\u00f3-1-300x225.jpg 300w, https:\/\/www.iespasqualcalbo.cat\/blocs\/europa\/wp-content\/uploads\/sites\/14\/2016\/05\/Estaci\u00f3-1-768x576.jpg 768w, https:\/\/www.iespasqualcalbo.cat\/blocs\/europa\/wp-content\/uploads\/sites\/14\/2016\/05\/Estaci\u00f3-1-1024x768.jpg 1024w, https:\/\/www.iespasqualcalbo.cat\/blocs\/europa\/wp-content\/uploads\/sites\/14\/2016\/05\/Estaci\u00f3-1.jpg 1280w\" sizes=\"(max-width: 300px) 100vw, 300px\" \/><\/a><\/h2>\n<p>&nbsp;<\/p>\n<p>&nbsp;<\/p>\n<h2 class=\"western\" align=\"justify\"><span style=\"font-family: Book Antiqua,serif\"><span style=\"font-size: medium\"><span lang=\"ca-ES\">Per altra banda, 3 alumnes del <\/span><\/span><\/span><span style=\"font-family: Book Antiqua,serif\"><span style=\"font-size: medium\"><span lang=\"ca-ES\">Cicle Formatiu de Jardineria i Floristeria, Diego Mascar\u00f3, Toni Quero i Guillem Sintes<\/span><\/span><\/span><span style=\"font-family: Book Antiqua,serif\"><span style=\"font-size: medium\"><span lang=\"ca-ES\"> han fet les pr\u00e0ctiques formatives a la localitat de Kempele, al centre de Formaci\u00f3 Professional Oulu Vocational College, mentre que <\/span><\/span><\/span><span style=\"font-family: Book Antiqua,serif\"><span style=\"font-size: medium\"><span lang=\"ca-ES\">No\u00e9 Capella i Adri\u00e1n Gal\u00e1n<\/span><\/span><\/span><span style=\"font-family: Book Antiqua,serif\"><span style=\"font-size: medium\"><span lang=\"ca-ES\">, alumnes del <\/span><\/span><\/span><span style=\"font-family: Book Antiqua,serif\"><span style=\"font-size: medium\"><span lang=\"ca-ES\">Cicle Formatiu d\u2019Instal\u00b7lacions El\u00e8ctriques i Autom\u00e0tiques,<\/span><\/span><\/span><span style=\"font-family: Book Antiqua,serif\"><span style=\"font-size: medium\"><span lang=\"ca-ES\"> han realitzat les pr\u00e0ctiques a una empresa instal\u00b7ladora de la ciutat d\u2019Oulu. Els 5 alumnes s\u2019han trobat alguns dies per visitar Oulu i alguns van poder anar a practicar <\/span><\/span><\/span><span style=\"font-family: Book Antiqua,serif\"><span style=\"font-size: medium\"><span lang=\"ca-ES\"><i>snowboard<\/i><\/span><\/span><\/span><span style=\"font-family: Book Antiqua,serif\"><span style=\"font-size: medium\"><span lang=\"ca-ES\"> a unes pistes d\u2019esqu\u00ed properes a Oulu.<\/span><\/span><\/span><\/h2>\n<h2 class=\"western\" align=\"justify\">\u00a0<a href=\"http:\/\/iespasqualcalbo.cat\/blocs\/wp-content\/uploads\/sites\/14\/2016\/04\/alumnes-Finl\u00e0ndia.jpg\"><img loading=\"lazy\" decoding=\"async\" class=\"size-medium wp-image-610 alignleft\" src=\"http:\/\/iespasqualcalbo.cat\/blocs\/wp-content\/uploads\/sites\/14\/2016\/04\/alumnes-Finl\u00e0ndia-300x224.jpg\" alt=\"alumnes Finl\u00e0ndia\" width=\"300\" height=\"224\" srcset=\"https:\/\/www.iespasqualcalbo.cat\/blocs\/europa\/wp-content\/uploads\/sites\/14\/2016\/04\/alumnes-Finl\u00e0ndia-300x224.jpg 300w, https:\/\/www.iespasqualcalbo.cat\/blocs\/europa\/wp-content\/uploads\/sites\/14\/2016\/04\/alumnes-Finl\u00e0ndia-768x573.jpg 768w, https:\/\/www.iespasqualcalbo.cat\/blocs\/europa\/wp-content\/uploads\/sites\/14\/2016\/04\/alumnes-Finl\u00e0ndia.jpg 896w\" sizes=\"(max-width: 300px) 100vw, 300px\" \/><\/a><\/h2>\n<h2 class=\"western\" align=\"justify\"><\/h2>\n<h2 class=\"western\" align=\"justify\"><\/h2>\n<h2 class=\"western\" align=\"justify\"><\/h2>\n<h2 class=\"western\" align=\"justify\"><a href=\"http:\/\/iespasqualcalbo.cat\/blocs\/wp-content\/uploads\/sites\/14\/2016\/05\/5-Alumnes-ELE-21-No\u00e9-Capella-i-Adri\u00e1n-Gal\u00e1n-fent-snowboard-a-Finl\u00e0ndia.jpg\"><img loading=\"lazy\" decoding=\"async\" class=\"aligncenter size-medium wp-image-625\" src=\"http:\/\/iespasqualcalbo.cat\/blocs\/wp-content\/uploads\/sites\/14\/2016\/05\/5-Alumnes-ELE-21-No\u00e9-Capella-i-Adri\u00e1n-Gal\u00e1n-fent-snowboard-a-Finl\u00e0ndia-225x300.jpg\" alt=\"5 Alumnes ELE-21 No\u00e9 Capella i Adri\u00e1n Gal\u00e1n fent snowboard a Finl\u00e0ndia\" width=\"225\" height=\"300\" srcset=\"https:\/\/www.iespasqualcalbo.cat\/blocs\/europa\/wp-content\/uploads\/sites\/14\/2016\/05\/5-Alumnes-ELE-21-No\u00e9-Capella-i-Adri\u00e1n-Gal\u00e1n-fent-snowboard-a-Finl\u00e0ndia-225x300.jpg 225w, https:\/\/www.iespasqualcalbo.cat\/blocs\/europa\/wp-content\/uploads\/sites\/14\/2016\/05\/5-Alumnes-ELE-21-No\u00e9-Capella-i-Adri\u00e1n-Gal\u00e1n-fent-snowboard-a-Finl\u00e0ndia.jpg 768w\" sizes=\"(max-width: 225px) 100vw, 225px\" \/><\/a><\/h2>\n<p>&nbsp;\t\t<\/p>\n","protected":false},"excerpt":{"rendered":"<p>Aquest curs 10 alumnes d\u2019FP del nostre centre han rebut una beca Erasmus+ per fer un per\u00edode de pr\u00e0ctiques en un altre pa\u00eds europeu. D\u2019aquests, els 9 alumnes de Grau Mitj\u00e0 han finalitzat ja la seva estada i han tornat &hellip; <a href=\"https:\/\/www.iespasqualcalbo.cat\/blocs\/europa\/2016\/05\/11\/9-alumnes-de-grau-mitja-han-finalitzat-les-seves-practiques-a-regne-unit-i-finlandia\/\">Continua llegint <span class=\"meta-nav\">&rarr;<\/span><\/a> <a href=\"https:\/\/www.iespasqualcalbo.cat\/blocs\/europa\/2016\/05\/11\/9-alumnes-de-grau-mitja-han-finalitzat-les-seves-practiques-a-regne-unit-i-finlandia\/\">Continua llegint <span class=\"meta-nav\">&rarr;<\/span><\/a><\/p>\n","protected":false},"author":1,"featured_media":0,"comment_status":"closed","ping_status":"closed","sticky":false,"template":"","format":"standard","meta":{"footnotes":""},"categories":[2],"tags":[],"class_list":["post-667","post","type-post","status-publish","format-standard","hentry","category-uncategorized"],"_links":{"self":[{"href":"https:\/\/www.iespasqualcalbo.cat\/blocs\/europa\/wp-json\/wp\/v2\/posts\/667","targetHints":{"allow":["GET"]}}],"collection":[{"href":"https:\/\/www.iespasqualcalbo.cat\/blocs\/europa\/wp-json\/wp\/v2\/posts"}],"about":[{"href":"https:\/\/www.iespasqualcalbo.cat\/blocs\/europa\/wp-json\/wp\/v2\/types\/post"}],"author":[{"embeddable":true,"href":"https:\/\/www.iespasqualcalbo.cat\/blocs\/europa\/wp-json\/wp\/v2\/users\/1"}],"replies":[{"embeddable":true,"href":"https:\/\/www.iespasqualcalbo.cat\/blocs\/europa\/wp-json\/wp\/v2\/comments?post=667"}],"version-history":[{"count":0,"href":"https:\/\/www.iespasqualcalbo.cat\/blocs\/europa\/wp-json\/wp\/v2\/posts\/667\/revisions"}],"wp:attachment":[{"href":"https:\/\/www.iespasqualcalbo.cat\/blocs\/europa\/wp-json\/wp\/v2\/media?parent=667"}],"wp:term":[{"taxonomy":"category","embeddable":true,"href":"https:\/\/www.iespasqualcalbo.cat\/blocs\/europa\/wp-json\/wp\/v2\/categories?post=667"},{"taxonomy":"post_tag","embeddable":true,"href":"https:\/\/www.iespasqualcalbo.cat\/blocs\/europa\/wp-json\/wp\/v2\/tags?post=667"}],"curies":[{"name":"wp","href":"https:\/\/api.w.org\/{rel}","templated":true}]}}