{"id":652,"date":"2016-05-11T12:41:12","date_gmt":"2016-05-11T10:41:12","guid":{"rendered":"http:\/\/iespasqualcalbo.cat\/blocs\/europa\/?p=652"},"modified":"2016-05-11T12:41:12","modified_gmt":"2016-05-11T10:41:12","slug":"practiques-dels-alumnes-de-jardineria-i-floristeria-a-finlandia","status":"publish","type":"post","link":"https:\/\/www.iespasqualcalbo.cat\/blocs\/europa\/2016\/05\/11\/practiques-dels-alumnes-de-jardineria-i-floristeria-a-finlandia\/","title":{"rendered":"Pr\u00e0ctiques dels alumnes de Jardineria i Floristeria a Finl\u00e0ndia"},"content":{"rendered":"<p>\t\t\t\t<strong>Resum de l&#8217;estada formativa den Toni Quero, Diego Mascar\u00f3 i Guillem Sintes a la seu de l&#8217;OULU VOCATIONAL COLLEGE de Kempele. <\/strong><\/p>\n<p><span style=\"font-size: large\">Quan arribarem a Finl\u00e0dia vam instal\u00b7lar-nos a la resid\u00e8ncia d&#8217;estudiants de Kempele i ens van mostrar les instal\u00b7lacions de l&#8217;escola. <\/span><\/p>\n<p><span style=\"font-size: large\">El cap de setmana vam anar a visitar la ciutat d&#8217;Oulu i pels voltants de Kempele i tamb\u00e9 vam anar a una festa de rock i <em>punk<\/em> \u201cDeposit man\u201d. <\/span><\/p>\n<p><a href=\"http:\/\/iespasqualcalbo.cat\/blocs\/wp-content\/uploads\/sites\/14\/2016\/05\/Foto-a-sa-neu.jpg\"><img fetchpriority=\"high\" decoding=\"async\" class=\"aligncenter size-medium wp-image-660\" src=\"http:\/\/iespasqualcalbo.cat\/blocs\/wp-content\/uploads\/sites\/14\/2016\/05\/Foto-a-sa-neu-300x225.jpg\" alt=\"Foto a sa neu\" width=\"300\" height=\"225\" srcset=\"https:\/\/www.iespasqualcalbo.cat\/blocs\/europa\/wp-content\/uploads\/sites\/14\/2016\/05\/Foto-a-sa-neu-300x225.jpg 300w, https:\/\/www.iespasqualcalbo.cat\/blocs\/europa\/wp-content\/uploads\/sites\/14\/2016\/05\/Foto-a-sa-neu-768x576.jpg 768w, https:\/\/www.iespasqualcalbo.cat\/blocs\/europa\/wp-content\/uploads\/sites\/14\/2016\/05\/Foto-a-sa-neu-1024x768.jpg 1024w\" sizes=\"(max-width: 300px) 100vw, 300px\" \/><\/a><\/p>\n<p><span style=\"font-size: large\">\u00a0<\/span><\/p>\n<p><span style=\"font-size: large\">Durant les jornades lectives hem fet moltes feines diferents com trasplantar plantes, podar, penjar algunes plantes trepadores, collir i fer net i envasar diferents hortalisses per vendre, aix\u00ed com pr\u00e0ctiques amb diferents m\u00e0quines per a fer viatges de plantes, compost, etc. Un dia tamb\u00e9 vam preparar diferents pedres i arranjaments florals per a l&#8217;arribada del president a Ouluhalli. <\/span><\/p>\n<p><span style=\"font-size: large\"><a href=\"http:\/\/iespasqualcalbo.cat\/blocs\/wp-content\/uploads\/sites\/14\/2016\/05\/Laboratori.jpg\"><img decoding=\"async\" class=\"size-medium wp-image-661 alignleft\" src=\"http:\/\/iespasqualcalbo.cat\/blocs\/wp-content\/uploads\/sites\/14\/2016\/05\/Laboratori-225x300.jpg\" alt=\"Laboratori\" width=\"225\" height=\"300\" srcset=\"https:\/\/www.iespasqualcalbo.cat\/blocs\/europa\/wp-content\/uploads\/sites\/14\/2016\/05\/Laboratori-225x300.jpg 225w, https:\/\/www.iespasqualcalbo.cat\/blocs\/europa\/wp-content\/uploads\/sites\/14\/2016\/05\/Laboratori-768x1024.jpg 768w, https:\/\/www.iespasqualcalbo.cat\/blocs\/europa\/wp-content\/uploads\/sites\/14\/2016\/05\/Laboratori.jpg 1200w\" sizes=\"(max-width: 225px) 100vw, 225px\" \/><\/a><\/span><\/p>\n<p><a href=\"http:\/\/iespasqualcalbo.cat\/blocs\/wp-content\/uploads\/sites\/14\/2016\/05\/M\u00e0quines.jpg\"><img decoding=\"async\" class=\"aligncenter size-medium wp-image-664\" src=\"http:\/\/iespasqualcalbo.cat\/blocs\/wp-content\/uploads\/sites\/14\/2016\/05\/M\u00e0quines-300x225.jpg\" alt=\"M\u00e0quines\" width=\"300\" height=\"225\" srcset=\"https:\/\/www.iespasqualcalbo.cat\/blocs\/europa\/wp-content\/uploads\/sites\/14\/2016\/05\/M\u00e0quines-300x225.jpg 300w, https:\/\/www.iespasqualcalbo.cat\/blocs\/europa\/wp-content\/uploads\/sites\/14\/2016\/05\/M\u00e0quines-768x576.jpg 768w, https:\/\/www.iespasqualcalbo.cat\/blocs\/europa\/wp-content\/uploads\/sites\/14\/2016\/05\/M\u00e0quines-1024x768.jpg 1024w, https:\/\/www.iespasqualcalbo.cat\/blocs\/europa\/wp-content\/uploads\/sites\/14\/2016\/05\/M\u00e0quines.jpg 1600w\" sizes=\"(max-width: 300px) 100vw, 300px\" \/><\/a><\/p>\n<p>&nbsp;<\/p>\n<p><span style=\"font-size: large\">Vam anar a visitar \u201cels r\u00e0pids\u201d Kiiminki i tamb\u00e9 la platja de Oulu. A m\u00e9s, vam anar a l&#8217;illla de Hailuoto.<\/span><\/p>\n<p><span style=\"font-size: large\">Un altre dia vam anar al Zeppelin a veure un partit de <em>hockey<\/em> sobre gel els \u201cK\u00e4rp\u00e4t\u201d.<\/span><\/p>\n<p><span style=\"font-size: large\">I per \u00faltim vam anar a visitar \u201cSanta claus village\u201d<\/span><\/p>\n<p><a href=\"http:\/\/iespasqualcalbo.cat\/blocs\/wp-content\/uploads\/sites\/14\/2016\/05\/Lap\u00f2nia.jpg\"><img loading=\"lazy\" decoding=\"async\" class=\"aligncenter size-medium wp-image-662\" src=\"http:\/\/iespasqualcalbo.cat\/blocs\/wp-content\/uploads\/sites\/14\/2016\/05\/Lap\u00f2nia-300x225.jpg\" alt=\"Lap\u00f2nia\" width=\"300\" height=\"225\" srcset=\"https:\/\/www.iespasqualcalbo.cat\/blocs\/europa\/wp-content\/uploads\/sites\/14\/2016\/05\/Lap\u00f2nia-300x225.jpg 300w, https:\/\/www.iespasqualcalbo.cat\/blocs\/europa\/wp-content\/uploads\/sites\/14\/2016\/05\/Lap\u00f2nia-768x576.jpg 768w, https:\/\/www.iespasqualcalbo.cat\/blocs\/europa\/wp-content\/uploads\/sites\/14\/2016\/05\/Lap\u00f2nia-1024x768.jpg 1024w\" sizes=\"(max-width: 300px) 100vw, 300px\" \/><\/a><\/p>\n<p>&nbsp;<\/p>\n<p><span style=\"font-size: large\">Vam anar a Liminka amb n&#8217;Elias un parc natural molt bonic.<\/span><\/p>\n<p><a href=\"http:\/\/iespasqualcalbo.cat\/blocs\/wp-content\/uploads\/sites\/14\/2016\/05\/Barbacoa.jpg\"><img loading=\"lazy\" decoding=\"async\" class=\"aligncenter size-medium wp-image-663\" src=\"http:\/\/iespasqualcalbo.cat\/blocs\/wp-content\/uploads\/sites\/14\/2016\/05\/Barbacoa-300x225.jpg\" alt=\"Barbacoa\" width=\"300\" height=\"225\" srcset=\"https:\/\/www.iespasqualcalbo.cat\/blocs\/europa\/wp-content\/uploads\/sites\/14\/2016\/05\/Barbacoa-300x225.jpg 300w, https:\/\/www.iespasqualcalbo.cat\/blocs\/europa\/wp-content\/uploads\/sites\/14\/2016\/05\/Barbacoa-768x576.jpg 768w, https:\/\/www.iespasqualcalbo.cat\/blocs\/europa\/wp-content\/uploads\/sites\/14\/2016\/05\/Barbacoa-1024x768.jpg 1024w, https:\/\/www.iespasqualcalbo.cat\/blocs\/europa\/wp-content\/uploads\/sites\/14\/2016\/05\/Barbacoa.jpg 1600w\" sizes=\"(max-width: 300px) 100vw, 300px\" \/><\/a><\/p>\n<p>&nbsp;<\/p>\n<p><span style=\"font-size: large\">Vam anar a fer snowboard a \u201cIso Sy\u00f6te\u201d amb els de electricitat, i pel cam\u00ed vam poder veure rens.<\/span><\/p>\n<p>&nbsp;<\/p>\n<p><a href=\"http:\/\/iespasqualcalbo.cat\/blocs\/wp-content\/uploads\/sites\/14\/2016\/05\/image3.jpg\"><img loading=\"lazy\" decoding=\"async\" class=\"aligncenter size-medium wp-image-665\" src=\"http:\/\/iespasqualcalbo.cat\/blocs\/wp-content\/uploads\/sites\/14\/2016\/05\/image3-300x225.jpg\" alt=\"image3\" width=\"300\" height=\"225\" srcset=\"https:\/\/www.iespasqualcalbo.cat\/blocs\/europa\/wp-content\/uploads\/sites\/14\/2016\/05\/image3-300x225.jpg 300w, https:\/\/www.iespasqualcalbo.cat\/blocs\/europa\/wp-content\/uploads\/sites\/14\/2016\/05\/image3-768x576.jpg 768w, https:\/\/www.iespasqualcalbo.cat\/blocs\/europa\/wp-content\/uploads\/sites\/14\/2016\/05\/image3-1024x768.jpg 1024w\" sizes=\"(max-width: 300px) 100vw, 300px\" \/><\/a>\t\t<\/p>\n","protected":false},"excerpt":{"rendered":"<p>Resum de l&#8217;estada formativa den Toni Quero, Diego Mascar\u00f3 i Guillem Sintes a la seu de l&#8217;OULU VOCATIONAL COLLEGE de Kempele. Quan arribarem a Finl\u00e0dia vam instal\u00b7lar-nos a la resid\u00e8ncia d&#8217;estudiants de Kempele i ens van mostrar les instal\u00b7lacions de &hellip; <a href=\"https:\/\/www.iespasqualcalbo.cat\/blocs\/europa\/2016\/05\/11\/practiques-dels-alumnes-de-jardineria-i-floristeria-a-finlandia\/\">Continua llegint <span class=\"meta-nav\">&rarr;<\/span><\/a> <a href=\"https:\/\/www.iespasqualcalbo.cat\/blocs\/europa\/2016\/05\/11\/practiques-dels-alumnes-de-jardineria-i-floristeria-a-finlandia\/\">Continua llegint <span class=\"meta-nav\">&rarr;<\/span><\/a><\/p>\n","protected":false},"author":1,"featured_media":0,"comment_status":"closed","ping_status":"closed","sticky":false,"template":"","format":"standard","meta":{"footnotes":""},"categories":[2],"tags":[],"class_list":["post-652","post","type-post","status-publish","format-standard","hentry","category-uncategorized"],"_links":{"self":[{"href":"https:\/\/www.iespasqualcalbo.cat\/blocs\/europa\/wp-json\/wp\/v2\/posts\/652","targetHints":{"allow":["GET"]}}],"collection":[{"href":"https:\/\/www.iespasqualcalbo.cat\/blocs\/europa\/wp-json\/wp\/v2\/posts"}],"about":[{"href":"https:\/\/www.iespasqualcalbo.cat\/blocs\/europa\/wp-json\/wp\/v2\/types\/post"}],"author":[{"embeddable":true,"href":"https:\/\/www.iespasqualcalbo.cat\/blocs\/europa\/wp-json\/wp\/v2\/users\/1"}],"replies":[{"embeddable":true,"href":"https:\/\/www.iespasqualcalbo.cat\/blocs\/europa\/wp-json\/wp\/v2\/comments?post=652"}],"version-history":[{"count":0,"href":"https:\/\/www.iespasqualcalbo.cat\/blocs\/europa\/wp-json\/wp\/v2\/posts\/652\/revisions"}],"wp:attachment":[{"href":"https:\/\/www.iespasqualcalbo.cat\/blocs\/europa\/wp-json\/wp\/v2\/media?parent=652"}],"wp:term":[{"taxonomy":"category","embeddable":true,"href":"https:\/\/www.iespasqualcalbo.cat\/blocs\/europa\/wp-json\/wp\/v2\/categories?post=652"},{"taxonomy":"post_tag","embeddable":true,"href":"https:\/\/www.iespasqualcalbo.cat\/blocs\/europa\/wp-json\/wp\/v2\/tags?post=652"}],"curies":[{"name":"wp","href":"https:\/\/api.w.org\/{rel}","templated":true}]}}