{"id":644,"date":"2016-05-06T12:08:39","date_gmt":"2016-05-06T10:08:39","guid":{"rendered":"http:\/\/iespasqualcalbo.cat\/blocs\/europa\/?p=644"},"modified":"2016-05-06T12:08:39","modified_gmt":"2016-05-06T10:08:39","slug":"practiques-formatives-a-gales-de-dos-alumnes-del-grau-mitja-de-mecanitzat","status":"publish","type":"post","link":"https:\/\/www.iespasqualcalbo.cat\/blocs\/europa\/2016\/05\/06\/practiques-formatives-a-gales-de-dos-alumnes-del-grau-mitja-de-mecanitzat\/","title":{"rendered":"Pr\u00e0ctiques formatives a Gales de dos alumnes del Grau Mitj\u00e0 de Mecanitzat"},"content":{"rendered":"<p>\t\t\t\t<strong>En Joan Bosch i en Miquel Sintes ens expliquen una mica com ha estat el seu per\u00edode de pr\u00e0ctiques a Llangollen, Gales, on han fet 4 setmanes de pr\u00e0ctiques a l&#8217;antiga estaci\u00f3 de tren <em>Llangollen Railway Station<\/em>.<\/strong><\/p>\n<p><a href=\"http:\/\/iespasqualcalbo.cat\/blocs\/wp-content\/uploads\/sites\/14\/2016\/05\/Estaci\u00f3-1.jpg\"><img fetchpriority=\"high\" decoding=\"async\" class=\"aligncenter wp-image-646\" src=\"http:\/\/iespasqualcalbo.cat\/blocs\/wp-content\/uploads\/sites\/14\/2016\/05\/Estaci\u00f3-1-300x225.jpg\" alt=\"Estaci\u00f3 1\" width=\"474\" height=\"356\" srcset=\"https:\/\/www.iespasqualcalbo.cat\/blocs\/europa\/wp-content\/uploads\/sites\/14\/2016\/05\/Estaci\u00f3-1-300x225.jpg 300w, https:\/\/www.iespasqualcalbo.cat\/blocs\/europa\/wp-content\/uploads\/sites\/14\/2016\/05\/Estaci\u00f3-1-768x576.jpg 768w, https:\/\/www.iespasqualcalbo.cat\/blocs\/europa\/wp-content\/uploads\/sites\/14\/2016\/05\/Estaci\u00f3-1-1024x768.jpg 1024w, https:\/\/www.iespasqualcalbo.cat\/blocs\/europa\/wp-content\/uploads\/sites\/14\/2016\/05\/Estaci\u00f3-1.jpg 1280w\" sizes=\"(max-width: 474px) 100vw, 474px\" \/><\/a><\/p>\n<p>&nbsp;<\/p>\n<p><a href=\"http:\/\/iespasqualcalbo.cat\/blocs\/wp-content\/uploads\/sites\/14\/2016\/04\/IMG_5888.jpeg\"><img decoding=\"async\" class=\" wp-image-621 alignleft\" src=\"http:\/\/iespasqualcalbo.cat\/blocs\/wp-content\/uploads\/sites\/14\/2016\/04\/IMG_5888-225x300.jpeg\" alt=\"IMG_5888\" width=\"307\" height=\"409\" srcset=\"https:\/\/www.iespasqualcalbo.cat\/blocs\/europa\/wp-content\/uploads\/sites\/14\/2016\/04\/IMG_5888-225x300.jpeg 225w, https:\/\/www.iespasqualcalbo.cat\/blocs\/europa\/wp-content\/uploads\/sites\/14\/2016\/04\/IMG_5888.jpeg 240w\" sizes=\"(max-width: 307px) 100vw, 307px\" \/><\/a><\/p>\n<p>&nbsp;<\/p>\n<p>&nbsp;<\/p>\n<p><a href=\"http:\/\/iespasqualcalbo.cat\/blocs\/wp-content\/uploads\/sites\/14\/2016\/04\/IMG_5887.jpeg\"><img decoding=\"async\" class=\"aligncenter wp-image-619\" src=\"http:\/\/iespasqualcalbo.cat\/blocs\/wp-content\/uploads\/sites\/14\/2016\/04\/IMG_5887-300x225.jpeg\" alt=\"IMG_5887\" width=\"396\" height=\"297\" srcset=\"https:\/\/www.iespasqualcalbo.cat\/blocs\/europa\/wp-content\/uploads\/sites\/14\/2016\/04\/IMG_5887-300x225.jpeg 300w, https:\/\/www.iespasqualcalbo.cat\/blocs\/europa\/wp-content\/uploads\/sites\/14\/2016\/04\/IMG_5887.jpeg 320w\" sizes=\"(max-width: 396px) 100vw, 396px\" \/><\/a><\/p>\n<p>&#8220;La nostra estada ERASMUS+ de 4 setmanes a Llangollen ha estat inoblidable. Se&#8217;ns ha fet molt curta!<\/p>\n<p>La fam\u00edlia d\u2019acollida ha estat espectacular. Ens enduim molt bons moments amb ells, ens han tractat ben\u00edssim i no ens ha faltat de res.<\/p>\n<p>Hem conegut a molt\u00edssima gent, joves de tot el Regne Unit, espanyols, alemanys, etc. Tots ells molt bona gent. Dia 18 d&#8217;abril vam celebrar l&#8217;aniversari de&#8217;n Joan amb algunes d&#8217;aquestes noves amistats.<\/p>\n<p><a href=\"http:\/\/iespasqualcalbo.cat\/blocs\/wp-content\/uploads\/sites\/14\/2016\/05\/LLagollen.jpg\"><img loading=\"lazy\" decoding=\"async\" class=\"aligncenter wp-image-649\" src=\"http:\/\/iespasqualcalbo.cat\/blocs\/wp-content\/uploads\/sites\/14\/2016\/05\/LLagollen-300x169.jpg\" alt=\"LLagollen\" width=\"456\" height=\"257\" srcset=\"https:\/\/www.iespasqualcalbo.cat\/blocs\/europa\/wp-content\/uploads\/sites\/14\/2016\/05\/LLagollen-300x169.jpg 300w, https:\/\/www.iespasqualcalbo.cat\/blocs\/europa\/wp-content\/uploads\/sites\/14\/2016\/05\/LLagollen-768x431.jpg 768w, https:\/\/www.iespasqualcalbo.cat\/blocs\/europa\/wp-content\/uploads\/sites\/14\/2016\/05\/LLagollen-1024x575.jpg 1024w, https:\/\/www.iespasqualcalbo.cat\/blocs\/europa\/wp-content\/uploads\/sites\/14\/2016\/05\/LLagollen.jpg 1296w\" sizes=\"(max-width: 456px) 100vw, 456px\" \/><\/a><\/p>\n<p>&nbsp;<\/p>\n<p>Tamb\u00e9 vam anar a fer un cap de setmana a Londres amb les nostres companyes del Grau d&#8217;Administraci\u00f3, na Maria i na Gemma, que estaven fent la seva estada formativa a Portsmouth, al sud d&#8217;Anglaterra.<\/p>\n<p>&nbsp;<\/p>\n<p><a href=\"http:\/\/iespasqualcalbo.cat\/blocs\/wp-content\/uploads\/sites\/14\/2016\/05\/Londres-2.jpg\"><img loading=\"lazy\" decoding=\"async\" class=\"aligncenter wp-image-648\" src=\"http:\/\/iespasqualcalbo.cat\/blocs\/wp-content\/uploads\/sites\/14\/2016\/05\/Londres-2-300x225.jpg\" alt=\"Londres 2\" width=\"441\" height=\"331\" srcset=\"https:\/\/www.iespasqualcalbo.cat\/blocs\/europa\/wp-content\/uploads\/sites\/14\/2016\/05\/Londres-2-300x225.jpg 300w, https:\/\/www.iespasqualcalbo.cat\/blocs\/europa\/wp-content\/uploads\/sites\/14\/2016\/05\/Londres-2-768x576.jpg 768w, https:\/\/www.iespasqualcalbo.cat\/blocs\/europa\/wp-content\/uploads\/sites\/14\/2016\/05\/Londres-2-1024x768.jpg 1024w, https:\/\/www.iespasqualcalbo.cat\/blocs\/europa\/wp-content\/uploads\/sites\/14\/2016\/05\/Londres-2.jpg 1600w\" sizes=\"(max-width: 441px) 100vw, 441px\" \/><\/a><\/p>\n<p>En definitiva, recomanam que si alguna vegada es t\u00e9 l&#8217;oportunitat de tenir una experi\u00e8ncia similar, que no s\u2019ha de pensar ni dues vegades, \u00e9s realment meravell\u00f3s.&#8221;<\/p>\n<p>&nbsp;<\/p>\n<p><a href=\"http:\/\/iespasqualcalbo.cat\/blocs\/wp-content\/uploads\/sites\/14\/2016\/05\/London.jpg\"><img loading=\"lazy\" decoding=\"async\" class=\"aligncenter wp-image-639\" src=\"http:\/\/iespasqualcalbo.cat\/blocs\/wp-content\/uploads\/sites\/14\/2016\/05\/London-300x169.jpg\" alt=\"London\" width=\"514\" height=\"289\" srcset=\"https:\/\/www.iespasqualcalbo.cat\/blocs\/europa\/wp-content\/uploads\/sites\/14\/2016\/05\/London-300x169.jpg 300w, https:\/\/www.iespasqualcalbo.cat\/blocs\/europa\/wp-content\/uploads\/sites\/14\/2016\/05\/London-768x433.jpg 768w, https:\/\/www.iespasqualcalbo.cat\/blocs\/europa\/wp-content\/uploads\/sites\/14\/2016\/05\/London-1024x577.jpg 1024w, https:\/\/www.iespasqualcalbo.cat\/blocs\/europa\/wp-content\/uploads\/sites\/14\/2016\/05\/London.jpg 1136w\" sizes=\"(max-width: 514px) 100vw, 514px\" \/><\/a><\/p>\n<p>&nbsp;<\/p>\n<p>&nbsp;\t\t<\/p>\n","protected":false},"excerpt":{"rendered":"<p>En Joan Bosch i en Miquel Sintes ens expliquen una mica com ha estat el seu per\u00edode de pr\u00e0ctiques a Llangollen, Gales, on han fet 4 setmanes de pr\u00e0ctiques a l&#8217;antiga estaci\u00f3 de tren Llangollen Railway Station. &nbsp; &nbsp; &nbsp; &hellip; <a href=\"https:\/\/www.iespasqualcalbo.cat\/blocs\/europa\/2016\/05\/06\/practiques-formatives-a-gales-de-dos-alumnes-del-grau-mitja-de-mecanitzat\/\">Continua llegint <span class=\"meta-nav\">&rarr;<\/span><\/a> <a href=\"https:\/\/www.iespasqualcalbo.cat\/blocs\/europa\/2016\/05\/06\/practiques-formatives-a-gales-de-dos-alumnes-del-grau-mitja-de-mecanitzat\/\">Continua llegint <span class=\"meta-nav\">&rarr;<\/span><\/a><\/p>\n","protected":false},"author":1,"featured_media":0,"comment_status":"closed","ping_status":"closed","sticky":false,"template":"","format":"standard","meta":{"footnotes":""},"categories":[2],"tags":[],"class_list":["post-644","post","type-post","status-publish","format-standard","hentry","category-uncategorized"],"_links":{"self":[{"href":"https:\/\/www.iespasqualcalbo.cat\/blocs\/europa\/wp-json\/wp\/v2\/posts\/644","targetHints":{"allow":["GET"]}}],"collection":[{"href":"https:\/\/www.iespasqualcalbo.cat\/blocs\/europa\/wp-json\/wp\/v2\/posts"}],"about":[{"href":"https:\/\/www.iespasqualcalbo.cat\/blocs\/europa\/wp-json\/wp\/v2\/types\/post"}],"author":[{"embeddable":true,"href":"https:\/\/www.iespasqualcalbo.cat\/blocs\/europa\/wp-json\/wp\/v2\/users\/1"}],"replies":[{"embeddable":true,"href":"https:\/\/www.iespasqualcalbo.cat\/blocs\/europa\/wp-json\/wp\/v2\/comments?post=644"}],"version-history":[{"count":0,"href":"https:\/\/www.iespasqualcalbo.cat\/blocs\/europa\/wp-json\/wp\/v2\/posts\/644\/revisions"}],"wp:attachment":[{"href":"https:\/\/www.iespasqualcalbo.cat\/blocs\/europa\/wp-json\/wp\/v2\/media?parent=644"}],"wp:term":[{"taxonomy":"category","embeddable":true,"href":"https:\/\/www.iespasqualcalbo.cat\/blocs\/europa\/wp-json\/wp\/v2\/categories?post=644"},{"taxonomy":"post_tag","embeddable":true,"href":"https:\/\/www.iespasqualcalbo.cat\/blocs\/europa\/wp-json\/wp\/v2\/tags?post=644"}],"curies":[{"name":"wp","href":"https:\/\/api.w.org\/{rel}","templated":true}]}}