{"id":597,"date":"2016-02-05T13:17:05","date_gmt":"2016-02-05T11:17:05","guid":{"rendered":"http:\/\/iespasqualcalbo.cat\/blocs\/europa\/?p=597"},"modified":"2016-02-05T13:17:05","modified_gmt":"2016-02-05T11:17:05","slug":"lies-pasqual-calbo-i-caldes-rep-dos-alumnes-dfp-de-finlandia","status":"publish","type":"post","link":"https:\/\/www.iespasqualcalbo.cat\/blocs\/europa\/2016\/02\/05\/lies-pasqual-calbo-i-caldes-rep-dos-alumnes-dfp-de-finlandia\/","title":{"rendered":"L\u2019IES Pasqual Calb\u00f3 i Cald\u00e9s rep dos alumnes d\u2019FP de Finl\u00e0ndia"},"content":{"rendered":"<h2>Ahir, dia 4 de febrer, l\u2019IES Pasqual Calb\u00f3 i Cald\u00e9s va rebre dos alumnes de Formaci\u00f3 Professional de l\u2019OULU VOCATIONAL COLLEGE (<a href=\"http:\/\/www.osao.fi\/\">www.osao.fi<\/a>) de Finl\u00e0ndia que han vingut a fer un mes de pr\u00e0ctiques formatives. Aquests alumnes d\u2019Instal\u00b7lacions El\u00e8ctriques realitzaran les seves pr\u00e0ctiques a dues empreses del sector: ELME, S.L., de Ma\u00f3 i l\u2019empresa de Jos\u00e9 Corbacho Horrillo, de Sant Llu\u00eds. Les dates de realitzaci\u00f3 de l&#8217;estada seran des del 8 de febrer fins al 7 de mar\u00e7 del 2016.<\/h2>\n<h2><\/h2>\n<h2><a href=\"http:\/\/iespasqualcalbo.cat\/blocs\/wp-content\/uploads\/sites\/14\/2016\/02\/finlandesos.jpg\"><img fetchpriority=\"high\" decoding=\"async\" class=\"aligncenter size-medium wp-image-601\" src=\"http:\/\/iespasqualcalbo.cat\/blocs\/wp-content\/uploads\/sites\/14\/2016\/02\/finlandesos-300x223.jpg\" alt=\"finlandesos\" width=\"300\" height=\"223\" srcset=\"https:\/\/www.iespasqualcalbo.cat\/blocs\/europa\/wp-content\/uploads\/sites\/14\/2016\/02\/finlandesos-300x223.jpg 300w, https:\/\/www.iespasqualcalbo.cat\/blocs\/europa\/wp-content\/uploads\/sites\/14\/2016\/02\/finlandesos-768x570.jpg 768w, https:\/\/www.iespasqualcalbo.cat\/blocs\/europa\/wp-content\/uploads\/sites\/14\/2016\/02\/finlandesos-1024x760.jpg 1024w, https:\/\/www.iespasqualcalbo.cat\/blocs\/europa\/wp-content\/uploads\/sites\/14\/2016\/02\/finlandesos.jpg 1599w\" sizes=\"(max-width: 300px) 100vw, 300px\" \/><\/a><\/h2>\n<h2><\/h2>\n<h2>L\u2019IES Pasqual Calb\u00f3 i Cald\u00e9s mant\u00e9 contacte amb aquest centre de Finl\u00e0ndia per tal d\u2019organitzar les estades formatives dels alumnes d\u2019ambd\u00f3s centres que volen realitzar un per\u00edode formatiu en un altre pa\u00eds de la UE en el marc del programa europeu <em>Erasmus+<\/em>. Despr\u00e9s de l\u2019estada d\u2019aquests dos alumnes, al mes d\u2019abril l\u2019institut rebr\u00e0 a dues alumnes de Jardineria i Floristeria mentre que 3 alumnes de l\u2019IES Pasqual Calb\u00f3 i Cald\u00e9s de la mateixa especialitat faran la seva estada a Finl\u00e0ndia.<\/h2>\n<p>&nbsp;\t\t<\/p>\n","protected":false},"excerpt":{"rendered":"<p>Ahir, dia 4 de febrer, l\u2019IES Pasqual Calb\u00f3 i Cald\u00e9s va rebre dos alumnes de Formaci\u00f3 Professional de l\u2019OULU VOCATIONAL COLLEGE (www.osao.fi) de Finl\u00e0ndia que han vingut a fer un mes de pr\u00e0ctiques formatives. Aquests alumnes d\u2019Instal\u00b7lacions El\u00e8ctriques realitzaran les &hellip; <a href=\"https:\/\/www.iespasqualcalbo.cat\/blocs\/europa\/2016\/02\/05\/lies-pasqual-calbo-i-caldes-rep-dos-alumnes-dfp-de-finlandia\/\">Continua llegint <span class=\"meta-nav\">&rarr;<\/span><\/a> <a href=\"https:\/\/www.iespasqualcalbo.cat\/blocs\/europa\/2016\/02\/05\/lies-pasqual-calbo-i-caldes-rep-dos-alumnes-dfp-de-finlandia\/\">Continua llegint <span class=\"meta-nav\">&rarr;<\/span><\/a><\/p>\n","protected":false},"author":1,"featured_media":0,"comment_status":"closed","ping_status":"closed","sticky":false,"template":"","format":"standard","meta":{"footnotes":""},"categories":[2],"tags":[],"class_list":["post-597","post","type-post","status-publish","format-standard","hentry","category-uncategorized"],"_links":{"self":[{"href":"https:\/\/www.iespasqualcalbo.cat\/blocs\/europa\/wp-json\/wp\/v2\/posts\/597","targetHints":{"allow":["GET"]}}],"collection":[{"href":"https:\/\/www.iespasqualcalbo.cat\/blocs\/europa\/wp-json\/wp\/v2\/posts"}],"about":[{"href":"https:\/\/www.iespasqualcalbo.cat\/blocs\/europa\/wp-json\/wp\/v2\/types\/post"}],"author":[{"embeddable":true,"href":"https:\/\/www.iespasqualcalbo.cat\/blocs\/europa\/wp-json\/wp\/v2\/users\/1"}],"replies":[{"embeddable":true,"href":"https:\/\/www.iespasqualcalbo.cat\/blocs\/europa\/wp-json\/wp\/v2\/comments?post=597"}],"version-history":[{"count":0,"href":"https:\/\/www.iespasqualcalbo.cat\/blocs\/europa\/wp-json\/wp\/v2\/posts\/597\/revisions"}],"wp:attachment":[{"href":"https:\/\/www.iespasqualcalbo.cat\/blocs\/europa\/wp-json\/wp\/v2\/media?parent=597"}],"wp:term":[{"taxonomy":"category","embeddable":true,"href":"https:\/\/www.iespasqualcalbo.cat\/blocs\/europa\/wp-json\/wp\/v2\/categories?post=597"},{"taxonomy":"post_tag","embeddable":true,"href":"https:\/\/www.iespasqualcalbo.cat\/blocs\/europa\/wp-json\/wp\/v2\/tags?post=597"}],"curies":[{"name":"wp","href":"https:\/\/api.w.org\/{rel}","templated":true}]}}