{"id":574,"date":"2015-11-13T13:38:31","date_gmt":"2015-11-13T11:38:31","guid":{"rendered":"http:\/\/iespasqualcalbo.cat\/blocs\/europa\/?p=574"},"modified":"2015-11-13T13:38:31","modified_gmt":"2015-11-13T11:38:31","slug":"financament-del-projecte-erasmus-de-gs-del-curs-2015-2016","status":"publish","type":"post","link":"https:\/\/www.iespasqualcalbo.cat\/blocs\/europa\/2015\/11\/13\/financament-del-projecte-erasmus-de-gs-del-curs-2015-2016\/","title":{"rendered":"Finan\u00e7ament del projecte ERASMUS+ de GS del curs 2015-2016"},"content":{"rendered":"<p>\t\t\t\t<strong>ESTADES ERASMUS + de GS curs 2015-2016 (fins 30-09-2016)<\/strong><\/p>\n<p><strong><u>Beques per alumnes de CFGS<\/u><\/strong><\/p>\n<p>L\u2019import de les ajudes dep\u00e8n del nivell de vida del pa\u00eds de dest\u00ed, segons els tres grups que es descriuen a continuaci\u00f3:<\/p>\n<p><strong>Grup 1<\/strong>: \u00c0ustria, Dinamarca, Finl\u00e0ndia, Fran\u00e7a, Irlanda, It\u00e0lia, Liechtenstein, Noruega, Regne Unit, Su\u00e8cia<\/p>\n<p><strong>\u00a0Grup 2: <\/strong>Alemanya, B\u00e8lgica, Xipre, Cro\u00e0cia, Eslov\u00e8nia, Gr\u00e8cia, Holanda, Isl\u00e0ndia, Luxemburg, Portugal, Rep\u00fablica Txeca, Turquia<\/p>\n<p><strong>Grup 3<\/strong>:\u00a0 Antiga Rep\u00fablica Iugoslava de Maced\u00f2nia, Bulg\u00e0ria, Eslov\u00e0quia, Est\u00f2nia, Hongria, Let\u00f2nia, Litu\u00e0nia, Malta, Pol\u00f2nia, Romania<\/p>\n<p>&nbsp;<\/p>\n<p>Per a la realitzaci\u00f3 d\u2019una estada de pr\u00e0ctiques en empresa, l\u2019import de la beca ser\u00e0<\/p>\n<p>_______________\u00a0 Per 1 mes\u00a0\u00a0\u00a0\u00a0\u00a0\u00a0\u00a0\u00a0\u00a0\u00a0 \u00a0\u00a0 \u00a0\u00a0\u00a0 Per 3 mesos<\/p>\n<p>Grup 1\u00a0\u00a0\u00a0\u00a0\u00a0\u00a0\u00a0\u00a0\u00a0\u00a0\u00a0 \u00a0\u00a0 \u00a0\u00a0\u00a0\u00a0\u00a0\u00a0\u00a0\u00a0\u00a0 \u00a0\u00a0 400 \u20ac\u00a0\u00a0\u00a0\u00a0\u00a0\u00a0\u00a0\u00a0\u00a0\u00a0\u00a0\u00a0\u00a0\u00a0\u00a0\u00a0\u00a0\u00a0\u00a0\u00a0\u00a0\u00a0\u00a0\u00a0 1200 \u20ac<\/p>\n<p>Grup 2\u00a0\u00a0\u00a0\u00a0\u00a0\u00a0\u00a0\u00a0\u00a0\u00a0\u00a0\u00a0\u00a0\u00a0\u00a0\u00a0\u00a0\u00a0\u00a0\u00a0\u00a0\u00a0\u00a0\u00a0 \u00a0\u00a0 350 \u20ac\u00a0\u00a0\u00a0\u00a0\u00a0\u00a0\u00a0\u00a0\u00a0\u00a0\u00a0\u00a0\u00a0\u00a0\u00a0\u00a0\u00a0\u00a0\u00a0\u00a0\u00a0\u00a0\u00a0\u00a0 1050 \u20ac<\/p>\n<p>Grup 3\u00a0\u00a0\u00a0\u00a0\u00a0\u00a0\u00a0\u00a0\u00a0\u00a0\u00a0\u00a0\u00a0\u00a0\u00a0\u00a0\u00a0\u00a0\u00a0\u00a0\u00a0\u00a0\u00a0\u00a0 \u00a0\u00a0 300 \u20ac\u00a0\u00a0\u00a0\u00a0\u00a0\u00a0\u00a0\u00a0\u00a0\u00a0\u00a0\u00a0\u00a0\u00a0\u00a0\u00a0\u00a0\u00a0\u00a0\u00a0\u00a0\u00a0\u00a0\u00a0 900 \u20ac<\/p>\n<p>&nbsp;<\/p>\n<p><strong><u>Beques per a formaci\u00f3 del professorat de CFGS o personal no docent<\/u><\/strong><\/p>\n<p><strong>\u00a0<\/strong>El personal pot rebre una ajuda europea com a contribuci\u00f3 a les seves despeses de viatge i subsist\u00e8ncia durant el per\u00edode de la seva estada en un altre pa\u00eds.<\/p>\n<p>Es poden fer estades de m\u00e9s d\u2019una setmana per\u00f2 com a molt es subvencionen els 5 primers dies.<\/p>\n<p><strong>Viatge<\/strong><\/p>\n<p>L\u2019import de l\u2019ajuda pel viatge dep\u00e8n de la dist\u00e0ncia entre el lloc de treball i el lloc on es desenvolupi l\u2019activitat corresponent, segons el que s\u2019indica a continuaci\u00f3:<\/p>\n<table>\n<tbody>\n<tr>\n<td width=\"247\">\u00a0<strong>Dist\u00e0ncia en kil\u00f2metres <\/strong><\/td>\n<td width=\"257\"><strong>Quantitat a rebre <\/strong><\/td>\n<\/tr>\n<tr>\n<td width=\"247\">Entre 100 i 499 km:<\/td>\n<td width=\"257\">180 \u20ac per participant<\/td>\n<\/tr>\n<tr>\n<td width=\"247\">Entre 500 i 1999 km:<\/td>\n<td width=\"257\">275 \u20ac per participant<\/td>\n<\/tr>\n<tr>\n<td width=\"247\">Entre 2000 i 2999 km:<\/td>\n<td width=\"257\">360 \u20ac per participant<\/td>\n<\/tr>\n<tr>\n<td width=\"247\">Entre 3000 i 3999 km:<\/td>\n<td width=\"257\">530 \u20ac per participant<\/td>\n<\/tr>\n<tr>\n<td width=\"247\">Entre 4000 i 7999 km:<\/td>\n<td width=\"257\">820 \u20ac per participant<\/td>\n<\/tr>\n<tr>\n<td width=\"247\">Entre 8000 i 19999 km:<\/td>\n<td width=\"257\">1100 \u20ac per participant<\/td>\n<\/tr>\n<\/tbody>\n<\/table>\n<p><strong><u>Subsist\u00e8ncia <\/u><\/strong><\/p>\n<p>Les quantitats depenen del pa\u00eds de dest\u00ed (en funci\u00f3 del grup indicat a continuaci\u00f3):<\/p>\n<table>\n<tbody>\n<tr>\n<td width=\"288\"><strong>Pa\u00efsos de dest\u00ed<\/strong><\/td>\n<td width=\"252\"><strong>Quantitat di\u00e0ria a rebre <\/strong><\/td>\n<\/tr>\n<tr>\n<td width=\"288\">Grup A \u2013 Dinamarca, Holanda, Irlanda, Regne Unit, Su\u00e8cia<\/td>\n<td width=\"252\">120 \u20ac<\/td>\n<\/tr>\n<tr>\n<td width=\"288\">Grup B &#8211; \u00c0ustria, B\u00e8lgica, Bulg\u00e0ria, Xipre, Finl\u00e0ndia, Fran\u00e7a, Gr\u00e8cia, Hongria, Isl\u00e0ndia, It\u00e0lia, Liechtenstein, Luxemburg, Noruega, Pol\u00f2nia, Rep\u00fablica Txeca, Romania, Su\u00efssa, Turquia<\/td>\n<td width=\"252\">105 \u20ac<\/td>\n<\/tr>\n<tr>\n<td width=\"288\">Grup C \u2013Alemanya, Antiga Rep\u00fablica Iugoslava de Maced\u00f2nia, Eslov\u00e0quia, Let\u00f2nia, Malta, Portugal<\/td>\n<td width=\"252\">90 \u20ac<\/td>\n<\/tr>\n<tr>\n<td width=\"288\">Grup D &#8211; Cro\u00e0cia, Eslov\u00e8nia, Est\u00f2nia, Litu\u00e0nia<\/td>\n<td width=\"252\">75 \u20ac<\/td>\n<\/tr>\n<\/tbody>\n<\/table>\n","protected":false},"excerpt":{"rendered":"<p>ESTADES ERASMUS + de GS curs 2015-2016 (fins 30-09-2016) Beques per alumnes de CFGS L\u2019import de les ajudes dep\u00e8n del nivell de vida del pa\u00eds de dest\u00ed, segons els tres grups que es descriuen a continuaci\u00f3: Grup 1: \u00c0ustria, Dinamarca, &hellip; <a href=\"https:\/\/www.iespasqualcalbo.cat\/blocs\/europa\/2015\/11\/13\/financament-del-projecte-erasmus-de-gs-del-curs-2015-2016\/\">Continua llegint <span class=\"meta-nav\">&rarr;<\/span><\/a> <a href=\"https:\/\/www.iespasqualcalbo.cat\/blocs\/europa\/2015\/11\/13\/financament-del-projecte-erasmus-de-gs-del-curs-2015-2016\/\">Continua llegint <span class=\"meta-nav\">&rarr;<\/span><\/a><\/p>\n","protected":false},"author":1,"featured_media":0,"comment_status":"closed","ping_status":"closed","sticky":false,"template":"","format":"standard","meta":{"footnotes":""},"categories":[2],"tags":[],"class_list":["post-574","post","type-post","status-publish","format-standard","hentry","category-uncategorized"],"_links":{"self":[{"href":"https:\/\/www.iespasqualcalbo.cat\/blocs\/europa\/wp-json\/wp\/v2\/posts\/574","targetHints":{"allow":["GET"]}}],"collection":[{"href":"https:\/\/www.iespasqualcalbo.cat\/blocs\/europa\/wp-json\/wp\/v2\/posts"}],"about":[{"href":"https:\/\/www.iespasqualcalbo.cat\/blocs\/europa\/wp-json\/wp\/v2\/types\/post"}],"author":[{"embeddable":true,"href":"https:\/\/www.iespasqualcalbo.cat\/blocs\/europa\/wp-json\/wp\/v2\/users\/1"}],"replies":[{"embeddable":true,"href":"https:\/\/www.iespasqualcalbo.cat\/blocs\/europa\/wp-json\/wp\/v2\/comments?post=574"}],"version-history":[{"count":0,"href":"https:\/\/www.iespasqualcalbo.cat\/blocs\/europa\/wp-json\/wp\/v2\/posts\/574\/revisions"}],"wp:attachment":[{"href":"https:\/\/www.iespasqualcalbo.cat\/blocs\/europa\/wp-json\/wp\/v2\/media?parent=574"}],"wp:term":[{"taxonomy":"category","embeddable":true,"href":"https:\/\/www.iespasqualcalbo.cat\/blocs\/europa\/wp-json\/wp\/v2\/categories?post=574"},{"taxonomy":"post_tag","embeddable":true,"href":"https:\/\/www.iespasqualcalbo.cat\/blocs\/europa\/wp-json\/wp\/v2\/tags?post=574"}],"curies":[{"name":"wp","href":"https:\/\/api.w.org\/{rel}","templated":true}]}}