{"id":532,"date":"2015-05-08T13:18:01","date_gmt":"2015-05-08T11:18:01","guid":{"rendered":"http:\/\/iespasqualcalbo.cat\/blocs\/europa\/?p=532"},"modified":"2015-05-08T13:18:01","modified_gmt":"2015-05-08T11:18:01","slug":"primera-cronica-londinenca-de-juliette-tuduri-fent-practiques-erasmus-al-regne-unit","status":"publish","type":"post","link":"https:\/\/www.iespasqualcalbo.cat\/blocs\/europa\/2015\/05\/08\/primera-cronica-londinenca-de-juliette-tuduri-fent-practiques-erasmus-al-regne-unit\/","title":{"rendered":"Primera cr\u00f2nica londinenca de Juliette Tudur\u00ed fent pr\u00e0ctiques Erasmus al Regne Unit"},"content":{"rendered":"<p align=\"JUSTIFY\"><span lang=\"ca-ES\">Quan em vaig matricular al Cicle de Grau Superior d\u2019Administraci\u00f3 i Finances, ja tenia clar que volia fer les pr\u00e0ctiques en un pa\u00eds estranger. Finalment, despr\u00e9s de dos cursos i algunes dificultats, ho he aconseguit: ja fa un mes que estic a Londres! <\/span><\/p>\n<p align=\"JUSTIFY\"><a href=\"http:\/\/iespasqualcalbo.cat\/blocs\/wp-content\/uploads\/sites\/14\/2015\/05\/Change-of-the-guard-02.jpg\"><img fetchpriority=\"high\" decoding=\"async\" class=\"aligncenter  wp-image-533\" src=\"http:\/\/iespasqualcalbo.cat\/blocs\/wp-content\/uploads\/sites\/14\/2015\/05\/Change-of-the-guard-02-300x225.jpg\" alt=\"OLYMPUS DIGITAL CAMERA\" width=\"382\" height=\"286\" srcset=\"https:\/\/www.iespasqualcalbo.cat\/blocs\/europa\/wp-content\/uploads\/sites\/14\/2015\/05\/Change-of-the-guard-02-300x225.jpg 300w, https:\/\/www.iespasqualcalbo.cat\/blocs\/europa\/wp-content\/uploads\/sites\/14\/2015\/05\/Change-of-the-guard-02-768x576.jpg 768w, https:\/\/www.iespasqualcalbo.cat\/blocs\/europa\/wp-content\/uploads\/sites\/14\/2015\/05\/Change-of-the-guard-02-1024x768.jpg 1024w\" sizes=\"(max-width: 382px) 100vw, 382px\" \/><\/a><\/p>\n<p align=\"JUSTIFY\"><span lang=\"ca-ES\">Em va costar molt trobar una empresa per fer les pr\u00e0ctiques i fins a l\u2019\u00faltim moment, no vaig tenir clar que me n&#8217;aniria. Tot va ser tan precipitat que no vaig poder organitzar-ho tot des de Menorca abans de partir. Aix\u00ed, vaig arribar un divendres a l\u2019aeroport de Gatwick, amb una maleta enorme i, despr\u00e9s d\u2019agafar un tren i dues l\u00ednies de metro diferents (sense perdre\u2019m!), vaig arribar a l\u2019hotel que havia reservat pels primers dies. Aqu\u00ed va comen\u00e7ar la meva aventura londinenca.<\/span><\/p>\n<p align=\"JUSTIFY\"><span lang=\"ca-ES\">La primera setmana va ser un poc complicada ja que, a m\u00e9s d\u2019adaptar-me a l\u2019empresa on faig les pr\u00e0ctiques, vaig haver de trobar un lloc per instal\u00b7lar-me. Vaig poder visitar diferents habitacions i escollir la que em semblava m\u00e9s convenient. Al final, estic compartint un pis amb una parella molt simp\u00e0tica en el barri residencial de Finchley, a les afores de Londres. La casa est\u00e0 situada a 15 minuts en bus del meu lloc de feina. El barri \u00e9s molt agradable i hi ha molts espais verds; no sembla que estigui a una gran ciutat. A m\u00e9s, hi ha tot tipus de tendes, supermercats i restaurants, aix\u00ed que resulta molt pr\u00e0ctic. <\/span><\/p>\n<p align=\"JUSTIFY\"><a href=\"http:\/\/iespasqualcalbo.cat\/blocs\/wp-content\/uploads\/sites\/14\/2015\/05\/St-James-Park.jpg\"><img decoding=\"async\" class=\"aligncenter  wp-image-534\" src=\"http:\/\/iespasqualcalbo.cat\/blocs\/wp-content\/uploads\/sites\/14\/2015\/05\/St-James-Park-300x225.jpg\" alt=\"OLYMPUS DIGITAL CAMERA\" width=\"390\" height=\"292\" srcset=\"https:\/\/www.iespasqualcalbo.cat\/blocs\/europa\/wp-content\/uploads\/sites\/14\/2015\/05\/St-James-Park-300x225.jpg 300w, https:\/\/www.iespasqualcalbo.cat\/blocs\/europa\/wp-content\/uploads\/sites\/14\/2015\/05\/St-James-Park-768x576.jpg 768w, https:\/\/www.iespasqualcalbo.cat\/blocs\/europa\/wp-content\/uploads\/sites\/14\/2015\/05\/St-James-Park-1024x768.jpg 1024w\" sizes=\"(max-width: 390px) 100vw, 390px\" \/><\/a><\/p>\n<p align=\"JUSTIFY\"><span lang=\"ca-ES\">L\u2019empresa a on faig les pr\u00e0ctiques, Lucent Lighting, \u00e9s bastant interessant. S\u2019encarrega de fabricar i distribuir material d\u2019il\u00b7luminaci\u00f3 pels dissenyadors d\u2019interiors de tot el m\u00f3n. Aix\u00ed, Lucent Lighting ha participat en projectes com les tendes de Dior o Loewe, l\u2019hotel Armani a Dubai, etc. Al principi de la meva est\u00e0ncia, la meva tutora va decidir que aniria ajudant a cadascun dels departaments de l\u2019empresa per poder entendre com funciona en conjunt. D\u2019aquesta manera, puc veure com s\u2019organitza tot el proc\u00e9s, des de les compres fins a les vendes, passant pel m\u00e0rqueting, la gesti\u00f3 financera, la log\u00edstica, etc. Gr\u00e0cies a les tasques que he de realitzar, puc observar tota la documentaci\u00f3 del proc\u00e9s comercial: comandes, albarans, notes d\u2019entrega, factures,&#8230; A m\u00e9s, el fet que sigui una empresa internacional representa una oportunitat per aprendre com es gestionen les transaccions entre pa\u00efsos diferent<\/span><span lang=\"ca-ES\">s.<\/span><\/p>\n<p align=\"JUSTIFY\"><span lang=\"ca-ES\">Ara per ara, estic col\u00b7laborant amb el departament de m\u00e0rqueting: particip en els preparatius de la fira anual <em>Lightfair<\/em> i actualitz els continguts de la nova p\u00e0gina web. <\/span><\/p>\n<p align=\"JUSTIFY\"><a href=\"http:\/\/iespasqualcalbo.cat\/blocs\/wp-content\/uploads\/sites\/14\/2015\/05\/Lucent-Lighting.jpg\"><img decoding=\"async\" class=\"  wp-image-535 aligncenter\" src=\"http:\/\/iespasqualcalbo.cat\/blocs\/wp-content\/uploads\/sites\/14\/2015\/05\/Lucent-Lighting-300x242.jpg\" alt=\"OLYMPUS DIGITAL CAMERA\" width=\"348\" height=\"281\" srcset=\"https:\/\/www.iespasqualcalbo.cat\/blocs\/europa\/wp-content\/uploads\/sites\/14\/2015\/05\/Lucent-Lighting-300x242.jpg 300w, https:\/\/www.iespasqualcalbo.cat\/blocs\/europa\/wp-content\/uploads\/sites\/14\/2015\/05\/Lucent-Lighting-768x620.jpg 768w, https:\/\/www.iespasqualcalbo.cat\/blocs\/europa\/wp-content\/uploads\/sites\/14\/2015\/05\/Lucent-Lighting-1024x826.jpg 1024w, https:\/\/www.iespasqualcalbo.cat\/blocs\/europa\/wp-content\/uploads\/sites\/14\/2015\/05\/Lucent-Lighting.jpg 1947w\" sizes=\"(max-width: 348px) 100vw, 348px\" \/><\/a><\/p>\n<p align=\"JUSTIFY\"><span lang=\"ca-ES\">Quan arriba el cap de setmana, tinc temps per visitar la capital anglesa. Londres \u00e9s realment una ciutat impressionant, amb tantes coses per fer i per veure que no basten 3 mesos per descobrir-ho tot!<\/span><\/p>\n<p align=\"JUSTIFY\"><span lang=\"ca-ES\">Per ara, he visitat alguns museus com el British Museum, el Natural History Museum o la Tate Gallery. <\/span><\/p>\n<p align=\"JUSTIFY\"><a href=\"http:\/\/iespasqualcalbo.cat\/blocs\/wp-content\/uploads\/sites\/14\/2015\/05\/British-Museum.jpg\"><img loading=\"lazy\" decoding=\"async\" class=\"  wp-image-536 aligncenter\" src=\"http:\/\/iespasqualcalbo.cat\/blocs\/wp-content\/uploads\/sites\/14\/2015\/05\/British-Museum-300x225.jpg\" alt=\"OLYMPUS DIGITAL CAMERA\" width=\"387\" height=\"290\" srcset=\"https:\/\/www.iespasqualcalbo.cat\/blocs\/europa\/wp-content\/uploads\/sites\/14\/2015\/05\/British-Museum-300x225.jpg 300w, https:\/\/www.iespasqualcalbo.cat\/blocs\/europa\/wp-content\/uploads\/sites\/14\/2015\/05\/British-Museum-768x576.jpg 768w, https:\/\/www.iespasqualcalbo.cat\/blocs\/europa\/wp-content\/uploads\/sites\/14\/2015\/05\/British-Museum-1024x768.jpg 1024w\" sizes=\"(max-width: 387px) 100vw, 387px\" \/><\/a><\/p>\n<p align=\"JUSTIFY\"><span lang=\"ca-ES\"><br \/>\nHe descobert alguns llocs molt peculiars com Covent Garden, a on hi ha molts d\u2019artistes i musics, el mercat de Portobello Road, els grans magatzems de Harrods o St James\u00b4s park. Tamb\u00e9 vaig poder veure el canvi de gu\u00e0rdia a Buckingham Palace. <\/span><\/p>\n<p align=\"JUSTIFY\"><a href=\"http:\/\/iespasqualcalbo.cat\/blocs\/wp-content\/uploads\/sites\/14\/2015\/05\/Portobello-Road-02.jpg\"><img loading=\"lazy\" decoding=\"async\" class=\"  wp-image-538 aligncenter\" src=\"http:\/\/iespasqualcalbo.cat\/blocs\/wp-content\/uploads\/sites\/14\/2015\/05\/Portobello-Road-02-300x190.jpg\" alt=\"OLYMPUS DIGITAL CAMERA\" width=\"349\" height=\"221\" srcset=\"https:\/\/www.iespasqualcalbo.cat\/blocs\/europa\/wp-content\/uploads\/sites\/14\/2015\/05\/Portobello-Road-02-300x190.jpg 300w, https:\/\/www.iespasqualcalbo.cat\/blocs\/europa\/wp-content\/uploads\/sites\/14\/2015\/05\/Portobello-Road-02-768x487.jpg 768w, https:\/\/www.iespasqualcalbo.cat\/blocs\/europa\/wp-content\/uploads\/sites\/14\/2015\/05\/Portobello-Road-02-1024x649.jpg 1024w\" sizes=\"(max-width: 349px) 100vw, 349px\" \/><\/a><\/p>\n<p align=\"JUSTIFY\">\n<p align=\"JUSTIFY\"><span lang=\"ca-ES\">Est\u00e0 clar que no oblidar\u00e9 mai l\u2019experi\u00e8ncia que estic vivint a Londres. A m\u00e9s de fer pr\u00e0ctiques en un \u00e0mbit professional i millorar el meu angl\u00e8s, tenc l&#8217;oportunitat de con\u00e8ixer gent nova de cultures diferents i descobrir llocs \u00fanics de la capital del Regne Unit. <\/span><\/p>\n<p align=\"JUSTIFY\"><span lang=\"ca-ES\">Esper poder continuar gaudint al m\u00e0xim del temps que em queda per aqu\u00ed!!<\/span><\/p>\n<p align=\"JUSTIFY\"><a href=\"http:\/\/iespasqualcalbo.cat\/blocs\/wp-content\/uploads\/sites\/14\/2015\/05\/Harrods.jpg\"><img loading=\"lazy\" decoding=\"async\" class=\"aligncenter  wp-image-541\" src=\"http:\/\/iespasqualcalbo.cat\/blocs\/wp-content\/uploads\/sites\/14\/2015\/05\/Harrods-190x300.jpg\" alt=\"OLYMPUS DIGITAL CAMERA\" width=\"271\" height=\"428\" srcset=\"https:\/\/www.iespasqualcalbo.cat\/blocs\/europa\/wp-content\/uploads\/sites\/14\/2015\/05\/Harrods-190x300.jpg 190w, https:\/\/www.iespasqualcalbo.cat\/blocs\/europa\/wp-content\/uploads\/sites\/14\/2015\/05\/Harrods-768x1216.jpg 768w, https:\/\/www.iespasqualcalbo.cat\/blocs\/europa\/wp-content\/uploads\/sites\/14\/2015\/05\/Harrods-647x1024.jpg 647w, https:\/\/www.iespasqualcalbo.cat\/blocs\/europa\/wp-content\/uploads\/sites\/14\/2015\/05\/Harrods.jpg 1470w\" sizes=\"(max-width: 271px) 100vw, 271px\" \/><\/a><\/p>\n","protected":false},"excerpt":{"rendered":"<p>Quan em vaig matricular al Cicle de Grau Superior d\u2019Administraci\u00f3 i Finances, ja tenia clar que volia fer les pr\u00e0ctiques en un pa\u00eds estranger. Finalment, despr\u00e9s de dos cursos i algunes dificultats, ho he aconseguit: ja fa un mes que &hellip; <a href=\"https:\/\/www.iespasqualcalbo.cat\/blocs\/europa\/2015\/05\/08\/primera-cronica-londinenca-de-juliette-tuduri-fent-practiques-erasmus-al-regne-unit\/\">Continua llegint <span class=\"meta-nav\">&rarr;<\/span><\/a> <a href=\"https:\/\/www.iespasqualcalbo.cat\/blocs\/europa\/2015\/05\/08\/primera-cronica-londinenca-de-juliette-tuduri-fent-practiques-erasmus-al-regne-unit\/\">Continua llegint <span class=\"meta-nav\">&rarr;<\/span><\/a><\/p>\n","protected":false},"author":1,"featured_media":0,"comment_status":"closed","ping_status":"closed","sticky":false,"template":"","format":"standard","meta":{"footnotes":""},"categories":[2],"tags":[],"class_list":["post-532","post","type-post","status-publish","format-standard","hentry","category-uncategorized"],"_links":{"self":[{"href":"https:\/\/www.iespasqualcalbo.cat\/blocs\/europa\/wp-json\/wp\/v2\/posts\/532","targetHints":{"allow":["GET"]}}],"collection":[{"href":"https:\/\/www.iespasqualcalbo.cat\/blocs\/europa\/wp-json\/wp\/v2\/posts"}],"about":[{"href":"https:\/\/www.iespasqualcalbo.cat\/blocs\/europa\/wp-json\/wp\/v2\/types\/post"}],"author":[{"embeddable":true,"href":"https:\/\/www.iespasqualcalbo.cat\/blocs\/europa\/wp-json\/wp\/v2\/users\/1"}],"replies":[{"embeddable":true,"href":"https:\/\/www.iespasqualcalbo.cat\/blocs\/europa\/wp-json\/wp\/v2\/comments?post=532"}],"version-history":[{"count":0,"href":"https:\/\/www.iespasqualcalbo.cat\/blocs\/europa\/wp-json\/wp\/v2\/posts\/532\/revisions"}],"wp:attachment":[{"href":"https:\/\/www.iespasqualcalbo.cat\/blocs\/europa\/wp-json\/wp\/v2\/media?parent=532"}],"wp:term":[{"taxonomy":"category","embeddable":true,"href":"https:\/\/www.iespasqualcalbo.cat\/blocs\/europa\/wp-json\/wp\/v2\/categories?post=532"},{"taxonomy":"post_tag","embeddable":true,"href":"https:\/\/www.iespasqualcalbo.cat\/blocs\/europa\/wp-json\/wp\/v2\/tags?post=532"}],"curies":[{"name":"wp","href":"https:\/\/api.w.org\/{rel}","templated":true}]}}