{"id":510,"date":"2015-05-04T20:19:45","date_gmt":"2015-05-04T18:19:45","guid":{"rendered":"http:\/\/iespasqualcalbo.cat\/blocs\/europa\/?p=510"},"modified":"2015-05-04T20:19:45","modified_gmt":"2015-05-04T18:19:45","slug":"resum-de-les-primeres-setmanes-dels-alumnes-de-jardineria-a-kempele-finlandia","status":"publish","type":"post","link":"https:\/\/www.iespasqualcalbo.cat\/blocs\/europa\/2015\/05\/04\/resum-de-les-primeres-setmanes-dels-alumnes-de-jardineria-a-kempele-finlandia\/","title":{"rendered":"Resum de les primeres setmanes dels alumnes de Jardineria a kempele, Finl\u00e0ndia"},"content":{"rendered":"<p>\t\t\t\t<strong>Dia 6 de abril<\/strong>.\u00a0 Arribam a les 05 de sa matinada a s\u2019aeroport de Helsinki sense cap tipus de problema. Espera d&#8217;unes\u00a0 4 h a s\u2019aeroport i sortida cap a Oulu, on arribam a les 9 h del mat\u00edi anam amb bus fins a Oulu.<\/p>\n<p>Oulu \u00e9s una ciutat de ses m\u00e9s grosses de Finl\u00e0ndia. De moment tot va b\u00e9 i ens hem fet fotos per sa pla\u00e7a des mercat i per es tros de la mar que arriba fins aqu\u00ed.<\/p>\n<p><a href=\"http:\/\/iespasqualcalbo.cat\/blocs\/wp-content\/uploads\/sites\/14\/2015\/05\/foto-amb-Xabuch.jpg\"><img fetchpriority=\"high\" decoding=\"async\" class=\"aligncenter  wp-image-514\" src=\"http:\/\/iespasqualcalbo.cat\/blocs\/wp-content\/uploads\/sites\/14\/2015\/05\/foto-amb-Xabuch-225x300.jpg\" alt=\"foto amb Xabuch\" width=\"313\" height=\"417\" srcset=\"https:\/\/www.iespasqualcalbo.cat\/blocs\/europa\/wp-content\/uploads\/sites\/14\/2015\/05\/foto-amb-Xabuch-225x300.jpg 225w, https:\/\/www.iespasqualcalbo.cat\/blocs\/europa\/wp-content\/uploads\/sites\/14\/2015\/05\/foto-amb-Xabuch-768x1024.jpg 768w, https:\/\/www.iespasqualcalbo.cat\/blocs\/europa\/wp-content\/uploads\/sites\/14\/2015\/05\/foto-amb-Xabuch.jpg 960w\" sizes=\"(max-width: 313px) 100vw, 313px\" \/><\/a><\/p>\n<p>Hem anat a dinar a un restaurant que es diu Amarillo, on hem menjat amburguesa amb salses picants t\u00edpiques d&#8217;aqu\u00ed.<\/p>\n<p><a href=\"http:\/\/iespasqualcalbo.cat\/blocs\/wp-content\/uploads\/sites\/14\/2015\/05\/foto-dels-3.jpg\"><img decoding=\"async\" class=\"aligncenter  wp-image-522\" src=\"http:\/\/iespasqualcalbo.cat\/blocs\/wp-content\/uploads\/sites\/14\/2015\/05\/foto-dels-3-300x169.jpg\" alt=\"foto dels 3\" width=\"469\" height=\"264\" srcset=\"https:\/\/www.iespasqualcalbo.cat\/blocs\/europa\/wp-content\/uploads\/sites\/14\/2015\/05\/foto-dels-3-300x169.jpg 300w, https:\/\/www.iespasqualcalbo.cat\/blocs\/europa\/wp-content\/uploads\/sites\/14\/2015\/05\/foto-dels-3-768x432.jpg 768w, https:\/\/www.iespasqualcalbo.cat\/blocs\/europa\/wp-content\/uploads\/sites\/14\/2015\/05\/foto-dels-3-1024x576.jpg 1024w, https:\/\/www.iespasqualcalbo.cat\/blocs\/europa\/wp-content\/uploads\/sites\/14\/2015\/05\/foto-dels-3.jpg 1280w\" sizes=\"(max-width: 469px) 100vw, 469px\" \/><\/a><\/p>\n<p><strong>Dia 07:<\/strong> En sol dem\u00e0 ens va venir a cercar es nostre tutor, Mr. Velin, i ens va menar cap a es campus. En aquest campus sa primera impressi\u00f3 va ser bona, \u00e9s a dir, ses instal\u00b7lacions de aqu\u00ed s\u00f3n espectaculars i molt contents i orgullosos de poder con\u00e8ixer aquest lloc, encara que no s\u2019assembli en res a el que nosaltres esteim acostumats. Ens varen menar a fer una volta per tot. En general ens sembla tot molt b\u00e9 encara que els exteriors no acaben de estar prou ben aclarits.<\/p>\n<p><strong>Dia 08:<\/strong> Ordenar traster i sembrar 350 lletugues a hivernacle a m\u00e9s de veure fotos de floralia. Es capvespre vam anar as super a comprar.<\/p>\n<p><strong>Dia 09<\/strong>. Anam a s\u2019edifici principal d&#8217;Agr\u00e0ria a fer centres de taula amb oasis i palos, despr\u00e9s de dinar varem fer un altre model de pastanaga gegant per tal de penjar la coberta de una planta trepadora a una estructura rectangular i llarga.<\/p>\n<p><a href=\"http:\/\/iespasqualcalbo.cat\/blocs\/wp-content\/uploads\/sites\/14\/2015\/05\/Iniciant-centres-de-flors.jpg\"><img decoding=\"async\" class=\"aligncenter  wp-image-515\" src=\"http:\/\/iespasqualcalbo.cat\/blocs\/wp-content\/uploads\/sites\/14\/2015\/05\/Iniciant-centres-de-flors-300x169.jpg\" alt=\"Iniciant centres de flors\" width=\"492\" height=\"277\" srcset=\"https:\/\/www.iespasqualcalbo.cat\/blocs\/europa\/wp-content\/uploads\/sites\/14\/2015\/05\/Iniciant-centres-de-flors-300x169.jpg 300w, https:\/\/www.iespasqualcalbo.cat\/blocs\/europa\/wp-content\/uploads\/sites\/14\/2015\/05\/Iniciant-centres-de-flors-768x432.jpg 768w, https:\/\/www.iespasqualcalbo.cat\/blocs\/europa\/wp-content\/uploads\/sites\/14\/2015\/05\/Iniciant-centres-de-flors-1024x576.jpg 1024w, https:\/\/www.iespasqualcalbo.cat\/blocs\/europa\/wp-content\/uploads\/sites\/14\/2015\/05\/Iniciant-centres-de-flors.jpg 1280w\" sizes=\"(max-width: 492px) 100vw, 492px\" \/><\/a><\/p>\n<p><strong>Dia 10.<\/strong> Aprofitam molt es dia ja que a primera hora anam cap a una botiga de material de floristeria d&#8217;Oulu i aprofitant es viatge anam per damunt la mar caminant tot gelada, i pel centre d&#8217;Oulu amb es cotxe de s&#8217;escola,\u00a0 que menava una mestra de Kempele. Despr\u00e9s anam a un spa que hi ha per\u00f2 nom\u00e9s a mirar el que fan i tot seguit cap a escola a dinar i a fer floristeria despr\u00e9s: fem un ram i un centre de taula a partir de roses, paniculata i clavells. Hi ha molt\u00edssim de material per emprar a disposici\u00f3 dels alumnes.<\/p>\n<p><a href=\"http:\/\/iespasqualcalbo.cat\/blocs\/wp-content\/uploads\/sites\/14\/2015\/05\/Centre-de-flors1.jpg\"><img loading=\"lazy\" decoding=\"async\" class=\"aligncenter  wp-image-518\" src=\"http:\/\/iespasqualcalbo.cat\/blocs\/wp-content\/uploads\/sites\/14\/2015\/05\/Centre-de-flors1-180x300.jpg\" alt=\"Centre de flors\" width=\"257\" height=\"429\" srcset=\"https:\/\/www.iespasqualcalbo.cat\/blocs\/europa\/wp-content\/uploads\/sites\/14\/2015\/05\/Centre-de-flors1-180x300.jpg 180w, https:\/\/www.iespasqualcalbo.cat\/blocs\/europa\/wp-content\/uploads\/sites\/14\/2015\/05\/Centre-de-flors1-768x1280.jpg 768w, https:\/\/www.iespasqualcalbo.cat\/blocs\/europa\/wp-content\/uploads\/sites\/14\/2015\/05\/Centre-de-flors1-614x1024.jpg 614w, https:\/\/www.iespasqualcalbo.cat\/blocs\/europa\/wp-content\/uploads\/sites\/14\/2015\/05\/Centre-de-flors1.jpg 1536w\" sizes=\"(max-width: 257px) 100vw, 257px\" \/><\/a><\/p>\n<p>Es capvespre hem aprofitat per anar fins es super i ens ha telefonat es nostre nou amic n\u2019Elias,\u00a0 amb qui hem anat fins a Kiminki amb es seu cotxe i es seu fill petit, en Manu, a veure es r\u00e0pids d\u2019aigua com passan per all\u00e0&#8230; Hem passat per damunt es ponts i hem anat vorejant es riu a poc a poc.<\/p>\n<p><strong>Dissabte Dia 11.<\/strong> Avui hem aprofitat per fer net sa roba, aclarir s\u2019habitaci\u00f3 i anar as centre comercial. En Mart\u00ed ha comprat dues camises de marca bona per 20e.<\/p>\n<p><strong>Diumenge Dia 12: <\/strong>avui hem anat amb n\u2019Elias a Hailuoto, que \u00e9s una illa de la zona. Es capvespre pelis, estudiar i gim a s\u2019habitaci\u00f3.<\/p>\n<p><a href=\"http:\/\/iespasqualcalbo.cat\/blocs\/wp-content\/uploads\/sites\/14\/2015\/05\/Paisatge-nevat.jpg\"><img loading=\"lazy\" decoding=\"async\" class=\"aligncenter  wp-image-523\" src=\"http:\/\/iespasqualcalbo.cat\/blocs\/wp-content\/uploads\/sites\/14\/2015\/05\/Paisatge-nevat-180x300.jpg\" alt=\"Paisatge nevat\" width=\"297\" height=\"495\" srcset=\"https:\/\/www.iespasqualcalbo.cat\/blocs\/europa\/wp-content\/uploads\/sites\/14\/2015\/05\/Paisatge-nevat-180x300.jpg 180w, https:\/\/www.iespasqualcalbo.cat\/blocs\/europa\/wp-content\/uploads\/sites\/14\/2015\/05\/Paisatge-nevat-768x1280.jpg 768w, https:\/\/www.iespasqualcalbo.cat\/blocs\/europa\/wp-content\/uploads\/sites\/14\/2015\/05\/Paisatge-nevat-614x1024.jpg 614w, https:\/\/www.iespasqualcalbo.cat\/blocs\/europa\/wp-content\/uploads\/sites\/14\/2015\/05\/Paisatge-nevat.jpg 1536w\" sizes=\"(max-width: 297px) 100vw, 297px\" \/><\/a><\/p>\n<p><strong><span style=\"text-decoration: underline\">Dilluns Dia 13<\/span>: <\/strong>Avui hem fet reconeixement de plantes no con\u00edferes de la zona, en total 34 noms. Es cient\u00edfic i en angl\u00e8s. Moltes d\u2019aquestes s\u2019assemblen a les que tenim i ells per fer l&#8217;inventari general les agafen sense fulles, nom\u00e9s amb les infloresc\u00e8ncies a mig sortir.<\/p>\n<p>Es capvespre hem anat fins Oulu amb bus a acabar de passar es dia i a investigar on \u00e9s la parada de bus general per anar fins a Rovaniemi que hi volem anar el dissabte o diumenge. Hem visitat l\u2019ajuntament, sa biblioteca, un museu&#8230;<\/p>\n<p><a href=\"http:\/\/iespasqualcalbo.cat\/blocs\/wp-content\/uploads\/sites\/14\/2015\/05\/Mart\u00ed-i-escultura.jpg\"><img loading=\"lazy\" decoding=\"async\" class=\"aligncenter  wp-image-517\" src=\"http:\/\/iespasqualcalbo.cat\/blocs\/wp-content\/uploads\/sites\/14\/2015\/05\/Mart\u00ed-i-escultura-180x300.jpg\" alt=\"Mart\u00ed i escultura\" width=\"301\" height=\"502\" srcset=\"https:\/\/www.iespasqualcalbo.cat\/blocs\/europa\/wp-content\/uploads\/sites\/14\/2015\/05\/Mart\u00ed-i-escultura-180x300.jpg 180w, https:\/\/www.iespasqualcalbo.cat\/blocs\/europa\/wp-content\/uploads\/sites\/14\/2015\/05\/Mart\u00ed-i-escultura-768x1280.jpg 768w, https:\/\/www.iespasqualcalbo.cat\/blocs\/europa\/wp-content\/uploads\/sites\/14\/2015\/05\/Mart\u00ed-i-escultura-614x1024.jpg 614w, https:\/\/www.iespasqualcalbo.cat\/blocs\/europa\/wp-content\/uploads\/sites\/14\/2015\/05\/Mart\u00ed-i-escultura.jpg 1536w\" sizes=\"(max-width: 301px) 100vw, 301px\" \/><\/a><\/p>\n<p><strong>Dimarts Dia 14:<\/strong> Avui a les 8 h hem comen\u00e7at a fer poda des pomers que tenien sembrats just enmig dels hivernacles de plantaci\u00f3 de s\u2019escola. Els tenien podats de tal manera que no es notava la seva poda continua, \u00e9s m\u00e9s, semblava que els havien deixats cr\u00e9ixer de la manera que ells volien per tal de no fer-los mal <strong>\u00a0<\/strong>i segons diuen ells per recollir les pomes el que fan \u00e9s emprar una p\u00e8rtiga per tal d&#8217;agafar les pomes de m\u00e9s de 3m d\u2019atura.<\/p>\n<p>En haver acabat de dinar hem fer net molts de testos negres i els hem emprat per sembrar diferents varietats de hortalisses. I el capvespre hem estudiat i anat as gimn\u00e0s.<\/p>\n<p><strong>Dimecres Dia 15: <\/strong>Neteja del magatzem i transport de con\u00edferes amb el nostre propi tractor cap des del magatzem als hivernacles. Despr\u00e9s hem practicat una hora m\u00e9s a menar el tractor petit amb remolc.<\/p>\n<p><a href=\"http:\/\/iespasqualcalbo.cat\/blocs\/wp-content\/uploads\/sites\/14\/2015\/05\/Tractor-amb-remolc.jpg\"><img loading=\"lazy\" decoding=\"async\" class=\"aligncenter  wp-image-519\" src=\"http:\/\/iespasqualcalbo.cat\/blocs\/wp-content\/uploads\/sites\/14\/2015\/05\/Tractor-amb-remolc-300x169.jpg\" alt=\"Tractor amb remolc\" width=\"413\" height=\"233\" srcset=\"https:\/\/www.iespasqualcalbo.cat\/blocs\/europa\/wp-content\/uploads\/sites\/14\/2015\/05\/Tractor-amb-remolc-300x169.jpg 300w, https:\/\/www.iespasqualcalbo.cat\/blocs\/europa\/wp-content\/uploads\/sites\/14\/2015\/05\/Tractor-amb-remolc-768x432.jpg 768w, https:\/\/www.iespasqualcalbo.cat\/blocs\/europa\/wp-content\/uploads\/sites\/14\/2015\/05\/Tractor-amb-remolc-1024x576.jpg 1024w, https:\/\/www.iespasqualcalbo.cat\/blocs\/europa\/wp-content\/uploads\/sites\/14\/2015\/05\/Tractor-amb-remolc.jpg 1280w\" sizes=\"(max-width: 413px) 100vw, 413px\" \/><\/a><\/p>\n<p><strong>Dijous Dia 16: <\/strong>Avui ha estat dia de floristeria. A primeres hores, fins que hem anat a dinar, hem acabat d&#8217;arrenjar els centres de taula que varem comen\u00e7ar la setmana passada.<\/p>\n<p><a href=\"http:\/\/iespasqualcalbo.cat\/blocs\/wp-content\/uploads\/sites\/14\/2015\/05\/Feines-de-floristeria.jpg\"><img loading=\"lazy\" decoding=\"async\" class=\"aligncenter  wp-image-520\" src=\"http:\/\/iespasqualcalbo.cat\/blocs\/wp-content\/uploads\/sites\/14\/2015\/05\/Feines-de-floristeria-300x180.jpg\" alt=\"Feines de floristeria\" width=\"462\" height=\"277\" srcset=\"https:\/\/www.iespasqualcalbo.cat\/blocs\/europa\/wp-content\/uploads\/sites\/14\/2015\/05\/Feines-de-floristeria-300x180.jpg 300w, https:\/\/www.iespasqualcalbo.cat\/blocs\/europa\/wp-content\/uploads\/sites\/14\/2015\/05\/Feines-de-floristeria-768x461.jpg 768w, https:\/\/www.iespasqualcalbo.cat\/blocs\/europa\/wp-content\/uploads\/sites\/14\/2015\/05\/Feines-de-floristeria-1024x614.jpg 1024w\" sizes=\"(max-width: 462px) 100vw, 462px\" \/><\/a><\/p>\n<p>Despr\u00e9s de dinar hem anat en Dani i en Mart\u00ed cap al magatzem i hem acabat de retocar les dues estructures que varem comen\u00e7ar s\u2019altre dia i posar-les a la furgoneta i dur aquesta, nosaltres dos mateixos cap a l\u2019edifici principal d\u2019Agr\u00e0ria. Ha conduit en Dani, evidentment. A continuaci\u00f3, hem baixat tots els altres centres de taula cap a la furgoneta i seguidament les hem condu\u00eft cap a l\u2019esgl\u00e9sia que es localitzava a diversos km de dist\u00e0ncia de l\u2019escola. Aquesta esgl\u00e9sia \u00e9s una nau polivalent on s\u2019hi poden celebrar actes religiosos i a la vegada tamb\u00e9 disposa de la sala principal amb taules i cadires col\u00b7locades de manera que s\u2019hi poden organitzar els dinars o sopars all\u00e0 mateix, en haver acabat la celebraci\u00f3. \u00c9s m\u00e9s, tamb\u00e9 consta d\u2019una cuina prou gran per posar-hi servei de <em>catering<\/em><strong>.<\/strong><\/p>\n<p>Es capvespre hem anat a casa de n\u2019Elias a xerrar un poc de tot, ens ha ensenyat fotos&#8230; i hem sopat de pizzes que hem anat a comprar just al seu barri.<\/p>\n<p><strong>Divendres dia 17: <\/strong>avui hem fet safates de llavors de diferents tipus de plantes amb flor com lliris, d\u00e0lies, lilium, &#8230; Despr\u00e9s de dinar hem fet floristeria. Avui ha consistit en fer un centre de taula o arranjament floral a diferents nivells\u00a0 amb gerbera i diferents elements verds m\u00e9s.<\/p>\n<p>Capvespre de neteja general de la casa, rentadora i acabar de solucionar tot el tema de lloguer de cotxe per dem\u00e0, ja que volem anar cap a Rovaniemi a<em> Santa Claus Village.<\/em><\/p>\n<p><strong>Dissabte dia 18: <\/strong>Dia espectacular de 3h de conducci\u00f3 fins a Rovaniemi i arribant ja cap a Santa Claus Village, la caseta o lloc original del pare Noel. Hem fet el dia per all\u00e0 i hem visitat els diferents museus. Hem fet la foto amb el pare Noel per\u00f2 no l\u2019hem comprada ja que valia molt\u00edssim, uns 60e&#8230; Tornada de 3h i a les 19 arrib\u00e0vem a Oulu i a les 20 a kempele.<\/p>\n<p><a href=\"http:\/\/iespasqualcalbo.cat\/blocs\/wp-content\/uploads\/sites\/14\/2015\/05\/Casa-Santa-Clause.jpg\"><img loading=\"lazy\" decoding=\"async\" class=\"  wp-image-521 aligncenter\" src=\"http:\/\/iespasqualcalbo.cat\/blocs\/wp-content\/uploads\/sites\/14\/2015\/05\/Casa-Santa-Clause-180x300.jpg\" alt=\"Casa Santa Clause\" width=\"278\" height=\"463\" srcset=\"https:\/\/www.iespasqualcalbo.cat\/blocs\/europa\/wp-content\/uploads\/sites\/14\/2015\/05\/Casa-Santa-Clause-180x300.jpg 180w, https:\/\/www.iespasqualcalbo.cat\/blocs\/europa\/wp-content\/uploads\/sites\/14\/2015\/05\/Casa-Santa-Clause-768x1280.jpg 768w, https:\/\/www.iespasqualcalbo.cat\/blocs\/europa\/wp-content\/uploads\/sites\/14\/2015\/05\/Casa-Santa-Clause-614x1024.jpg 614w, https:\/\/www.iespasqualcalbo.cat\/blocs\/europa\/wp-content\/uploads\/sites\/14\/2015\/05\/Casa-Santa-Clause.jpg 1536w\" sizes=\"(max-width: 278px) 100vw, 278px\" \/><\/a><\/p>\n<p><strong>Diumenge 19: <\/strong>Dia normal d&#8217;anar a comprar al supermercat, capvespre normal de redacci\u00f3, pel\u00b7l\u00edcules, estudiar i gimn\u00e0s.<\/p>\n<p><strong>Dilluns 20:\u00a0 <\/strong>Avui hem fet de 8 a 12h treballant b\u00e0sicament amb pedra de bloc, ens han ensenyat que a Finl\u00e0ndia es problema principal que tenen quan han de fer un forjat o una cimentaci\u00f3 \u00e9s es gel, que quan arriba s\u2019hivern es gel romp per sa for\u00e7a o capacitat que t\u00e9 d&#8217;augmentar es seu volum i d\u2019aquesta manera fa clots i bonys a s\u2019asfalt. Hem fet feina dins es magatzem amb anivelladores i grava amb arena de mescla per tal de fer un tros de pla\u00e7a a partir d\u2019aquests blocs.<\/p>\n<p>Es capvespre hem passejat per kempele, estudiat i\u00a0 gimn\u00e0s.<\/p>\n<p><strong>Dimarts 21: <\/strong>Hi falten 9 dies per tornar a Menorca. Avui hem comen\u00e7at amb la continuaci\u00f3 de les pedres abans de dinar tota l\u2019estona. Es tractava de posar diferents tipus de material i fer sanefes enmig de l\u2019estructura que varem muntar. Despr\u00e9s de dinar hem anat a l\u2019hort de darrera l\u2019hivernacle i hem tret restes de branques d\u2019arbres i arbusts primes i les hem tirat a la trituradora per fer compost, per\u00f2 aquesta m\u00e0quina no funcionava. Finalment hem anat a l\u2019hivernacle a fer net taules.<\/p>\n<p>Capvespre normal d&#8217;anar a fer un gelat i a comprar menjar per la setmana.<\/p>\n<p><strong>Dimecres 22: <\/strong>Avui hem fet pr\u00e0cticament el mateix tot es dia, \u00e9s a dir, sembrar llavors de salaatti, com diuen ells, que venen a ser hortalisses.\u00a0 Hem fet tot es dia all\u00e0 mateix. Tamb\u00e9 hem fet bosses amb mixta d&#8217;hortalisses, i les hem pesades i posat l\u2019etiqueta i tot. \u00c9s a dir, un proc\u00e9s normal de venta d&#8217;hortalisses.<\/p>\n<p>Capvespre normal de reserva de cotxe i arranjar ses bicis.<\/p>\n<p><strong>Dijous 23: <\/strong>Tot es dia hem fet floristeria aferrant liquen a unes tables i despr\u00e9s posar flors de pl\u00e0stic enganxades amb silicona calenta i despr\u00e9s les hem duites a ses tables baix a sa sala polivalent.<\/p>\n<p><strong>Divendres dia 24: <\/strong>Avui hem fet dia de classe normal a primeres hores. Primer hem estudiat una estona ses diferents plantes de sa llista de s\u2019altre dia i despr\u00e9s examen el qual nosaltres tamb\u00e9 hi hem participat. Despr\u00e9s hem tingut una reuni\u00f3 amb Veli Matin i hem xerrat de com havia anat tot en general durant la nostre estada. Despr\u00e9s d\u2019haver dinat hem fet floristeria i practicat b\u00e0sicament boquets i centres de taula.\t\t<\/p>\n","protected":false},"excerpt":{"rendered":"<p>Dia 6 de abril.\u00a0 Arribam a les 05 de sa matinada a s\u2019aeroport de Helsinki sense cap tipus de problema. Espera d&#8217;unes\u00a0 4 h a s\u2019aeroport i sortida cap a Oulu, on arribam a les 9 h del mat\u00edi anam &hellip; <a href=\"https:\/\/www.iespasqualcalbo.cat\/blocs\/europa\/2015\/05\/04\/resum-de-les-primeres-setmanes-dels-alumnes-de-jardineria-a-kempele-finlandia\/\">Continua llegint <span class=\"meta-nav\">&rarr;<\/span><\/a> <a href=\"https:\/\/www.iespasqualcalbo.cat\/blocs\/europa\/2015\/05\/04\/resum-de-les-primeres-setmanes-dels-alumnes-de-jardineria-a-kempele-finlandia\/\">Continua llegint <span class=\"meta-nav\">&rarr;<\/span><\/a><\/p>\n","protected":false},"author":1,"featured_media":0,"comment_status":"closed","ping_status":"closed","sticky":false,"template":"","format":"standard","meta":{"footnotes":""},"categories":[2],"tags":[],"class_list":["post-510","post","type-post","status-publish","format-standard","hentry","category-uncategorized"],"_links":{"self":[{"href":"https:\/\/www.iespasqualcalbo.cat\/blocs\/europa\/wp-json\/wp\/v2\/posts\/510","targetHints":{"allow":["GET"]}}],"collection":[{"href":"https:\/\/www.iespasqualcalbo.cat\/blocs\/europa\/wp-json\/wp\/v2\/posts"}],"about":[{"href":"https:\/\/www.iespasqualcalbo.cat\/blocs\/europa\/wp-json\/wp\/v2\/types\/post"}],"author":[{"embeddable":true,"href":"https:\/\/www.iespasqualcalbo.cat\/blocs\/europa\/wp-json\/wp\/v2\/users\/1"}],"replies":[{"embeddable":true,"href":"https:\/\/www.iespasqualcalbo.cat\/blocs\/europa\/wp-json\/wp\/v2\/comments?post=510"}],"version-history":[{"count":0,"href":"https:\/\/www.iespasqualcalbo.cat\/blocs\/europa\/wp-json\/wp\/v2\/posts\/510\/revisions"}],"wp:attachment":[{"href":"https:\/\/www.iespasqualcalbo.cat\/blocs\/europa\/wp-json\/wp\/v2\/media?parent=510"}],"wp:term":[{"taxonomy":"category","embeddable":true,"href":"https:\/\/www.iespasqualcalbo.cat\/blocs\/europa\/wp-json\/wp\/v2\/categories?post=510"},{"taxonomy":"post_tag","embeddable":true,"href":"https:\/\/www.iespasqualcalbo.cat\/blocs\/europa\/wp-json\/wp\/v2\/tags?post=510"}],"curies":[{"name":"wp","href":"https:\/\/api.w.org\/{rel}","templated":true}]}}