{"id":496,"date":"2015-04-21T18:20:35","date_gmt":"2015-04-21T16:20:35","guid":{"rendered":"http:\/\/iespasqualcalbo.cat\/blocs\/europa\/?p=496"},"modified":"2015-04-21T18:20:35","modified_gmt":"2015-04-21T16:20:35","slug":"3-alumnes-de-jardineria-i-floristeria-a-finlandia","status":"publish","type":"post","link":"https:\/\/www.iespasqualcalbo.cat\/blocs\/europa\/2015\/04\/21\/3-alumnes-de-jardineria-i-floristeria-a-finlandia\/","title":{"rendered":"3 alumnes de Jardineria i Floristeria a Finl\u00e0ndia"},"content":{"rendered":"<p>\t\t\t\tEls alumnes del grau mitj\u00e0 de Jardineria i Floristeria; Mart\u00ed Andreu, Maria Janer i\u00a0\u00a0Dani Mart\u00ednez, van arribar dia 6 d\u2019abril a l\u2019OULU Vocational College de Finl\u00e0ndia, acompanyats pel professor Josep Xabuch. El Sr. Veli Mathlin ser\u00e0 el seu tutor d&#8217;empresa durant el mes que duraran les pr\u00e0ctiques a la seu que l\u2019escola t\u00e9 a la localitat de Kempele.<\/p>\n<p><a href=\"http:\/\/iespasqualcalbo.cat\/blocs\/wp-content\/uploads\/sites\/14\/2015\/04\/foto-1.jpg\"><img fetchpriority=\"high\" decoding=\"async\" class=\"aligncenter  wp-image-497\" src=\"http:\/\/iespasqualcalbo.cat\/blocs\/wp-content\/uploads\/sites\/14\/2015\/04\/foto-1-1024x768.jpg\" alt=\"foto 1\" width=\"444\" height=\"332\" srcset=\"https:\/\/www.iespasqualcalbo.cat\/blocs\/europa\/wp-content\/uploads\/sites\/14\/2015\/04\/foto-1-1024x768.jpg 1024w, https:\/\/www.iespasqualcalbo.cat\/blocs\/europa\/wp-content\/uploads\/sites\/14\/2015\/04\/foto-1-300x225.jpg 300w, https:\/\/www.iespasqualcalbo.cat\/blocs\/europa\/wp-content\/uploads\/sites\/14\/2015\/04\/foto-1-768x576.jpg 768w, https:\/\/www.iespasqualcalbo.cat\/blocs\/europa\/wp-content\/uploads\/sites\/14\/2015\/04\/foto-1.jpg 2048w\" sizes=\"(max-width: 444px) 100vw, 444px\" \/><\/a><\/p>\n<p>Aquesta estada forma part del m\u00f2dul de formaci\u00f3 en Centres de Treball i ha estat possible fer-ne una part a un pa\u00eds europeu gr\u00e0cies a una beca del programa de mobilitat Leonardo da Vinci.\t\t<\/p>\n","protected":false},"excerpt":{"rendered":"<p>Els alumnes del grau mitj\u00e0 de Jardineria i Floristeria; Mart\u00ed Andreu, Maria Janer i\u00a0\u00a0Dani Mart\u00ednez, van arribar dia 6 d\u2019abril a l\u2019OULU Vocational College de Finl\u00e0ndia, acompanyats pel professor Josep Xabuch. El Sr. Veli Mathlin ser\u00e0 el seu tutor d&#8217;empresa &hellip; <a href=\"https:\/\/www.iespasqualcalbo.cat\/blocs\/europa\/2015\/04\/21\/3-alumnes-de-jardineria-i-floristeria-a-finlandia\/\">Continua llegint <span class=\"meta-nav\">&rarr;<\/span><\/a> <a href=\"https:\/\/www.iespasqualcalbo.cat\/blocs\/europa\/2015\/04\/21\/3-alumnes-de-jardineria-i-floristeria-a-finlandia\/\">Continua llegint <span class=\"meta-nav\">&rarr;<\/span><\/a><\/p>\n","protected":false},"author":1,"featured_media":0,"comment_status":"closed","ping_status":"closed","sticky":false,"template":"","format":"standard","meta":{"footnotes":""},"categories":[2],"tags":[],"class_list":["post-496","post","type-post","status-publish","format-standard","hentry","category-uncategorized"],"_links":{"self":[{"href":"https:\/\/www.iespasqualcalbo.cat\/blocs\/europa\/wp-json\/wp\/v2\/posts\/496","targetHints":{"allow":["GET"]}}],"collection":[{"href":"https:\/\/www.iespasqualcalbo.cat\/blocs\/europa\/wp-json\/wp\/v2\/posts"}],"about":[{"href":"https:\/\/www.iespasqualcalbo.cat\/blocs\/europa\/wp-json\/wp\/v2\/types\/post"}],"author":[{"embeddable":true,"href":"https:\/\/www.iespasqualcalbo.cat\/blocs\/europa\/wp-json\/wp\/v2\/users\/1"}],"replies":[{"embeddable":true,"href":"https:\/\/www.iespasqualcalbo.cat\/blocs\/europa\/wp-json\/wp\/v2\/comments?post=496"}],"version-history":[{"count":0,"href":"https:\/\/www.iespasqualcalbo.cat\/blocs\/europa\/wp-json\/wp\/v2\/posts\/496\/revisions"}],"wp:attachment":[{"href":"https:\/\/www.iespasqualcalbo.cat\/blocs\/europa\/wp-json\/wp\/v2\/media?parent=496"}],"wp:term":[{"taxonomy":"category","embeddable":true,"href":"https:\/\/www.iespasqualcalbo.cat\/blocs\/europa\/wp-json\/wp\/v2\/categories?post=496"},{"taxonomy":"post_tag","embeddable":true,"href":"https:\/\/www.iespasqualcalbo.cat\/blocs\/europa\/wp-json\/wp\/v2\/tags?post=496"}],"curies":[{"name":"wp","href":"https:\/\/api.w.org\/{rel}","templated":true}]}}