{"id":488,"date":"2015-02-16T22:31:09","date_gmt":"2015-02-16T20:31:09","guid":{"rendered":"http:\/\/iespasqualcalbo.cat\/blocs\/europa\/?p=488"},"modified":"2015-02-16T22:31:09","modified_gmt":"2015-02-16T20:31:09","slug":"lies-pasqual-calbo-i-caldes-rep-a-dos-alumnes-dfp-de-finlandia","status":"publish","type":"post","link":"https:\/\/www.iespasqualcalbo.cat\/blocs\/europa\/2015\/02\/16\/lies-pasqual-calbo-i-caldes-rep-a-dos-alumnes-dfp-de-finlandia\/","title":{"rendered":"L\u2019IES Pasqual Calb\u00f3 i Cald\u00e9s rep a dos alumnes d&#8217;FP de Finl\u00e0ndia"},"content":{"rendered":"<h2>Dilluns dia 9 de febrer l&#8217;institut va rebre la visita de dos alumnes de Formaci\u00f3 Professional de l\u2019OULU VOCATIONAL COLLEGE (<a href=\"http:\/\/www.osao.fi\/\">www.osao.fi<\/a>) de Finl\u00e0ndia que han vingut a fer un mes de pr\u00e0ctiques formatives. Aquests alumnes estudien el Cicle Formatiu d\u2019Instal\u00b7lacions El\u00e8ctriques i faran la seva estada a l\u2019Ajuntament de Ma\u00f3 gr\u00e0cies a la col\u00b7laboraci\u00f3 de la seva brigada d\u2019obres.<\/h2>\n<h2>\u00a0<a href=\"http:\/\/iespasqualcalbo.cat\/blocs\/wp-content\/uploads\/sites\/14\/2015\/02\/Mikael-and-Juho-in-Menorca.jpg\"><img fetchpriority=\"high\" decoding=\"async\" class=\"aligncenter size-medium wp-image-489\" src=\"http:\/\/iespasqualcalbo.cat\/blocs\/wp-content\/uploads\/sites\/14\/2015\/02\/Mikael-and-Juho-in-Menorca-300x266.jpg\" alt=\"Mikael and Juho in Menorca\" width=\"300\" height=\"266\" srcset=\"https:\/\/www.iespasqualcalbo.cat\/blocs\/europa\/wp-content\/uploads\/sites\/14\/2015\/02\/Mikael-and-Juho-in-Menorca-300x266.jpg 300w, https:\/\/www.iespasqualcalbo.cat\/blocs\/europa\/wp-content\/uploads\/sites\/14\/2015\/02\/Mikael-and-Juho-in-Menorca-768x681.jpg 768w, https:\/\/www.iespasqualcalbo.cat\/blocs\/europa\/wp-content\/uploads\/sites\/14\/2015\/02\/Mikael-and-Juho-in-Menorca.jpg 779w\" sizes=\"(max-width: 300px) 100vw, 300px\" \/><\/a><\/h2>\n<h2>L\u2019IES Pasqual Calb\u00f3 i Cald\u00e9s mant\u00e9 un acord de col\u00b7laboraci\u00f3 amb aquest centre fin\u00e8s per tal d\u2019organitzar les estades formatives dels alumnes d\u2019ambd\u00f3s centres que volen realitzar un per\u00edode formatiu en un altre pa\u00eds de la UE en el marc dels programes europeus <em>Leonardo da Vinci i Erasmus<\/em>. Aquests dos alumnes faran un mes de pr\u00e0ctiques d\u2019Electricitat a Menorca i despr\u00e9s 3 alumnes de Jardineria i Floristeria de l\u2019IES Pasqual Calb\u00f3 i Cald\u00e9s faran la seva estada a Finl\u00e0ndia despr\u00e9s de Setmana Santa.<\/h2>\n","protected":false},"excerpt":{"rendered":"<p>Dilluns dia 9 de febrer l&#8217;institut va rebre la visita de dos alumnes de Formaci\u00f3 Professional de l\u2019OULU VOCATIONAL COLLEGE (www.osao.fi) de Finl\u00e0ndia que han vingut a fer un mes de pr\u00e0ctiques formatives. Aquests alumnes estudien el Cicle Formatiu d\u2019Instal\u00b7lacions &hellip; <a href=\"https:\/\/www.iespasqualcalbo.cat\/blocs\/europa\/2015\/02\/16\/lies-pasqual-calbo-i-caldes-rep-a-dos-alumnes-dfp-de-finlandia\/\">Continua llegint <span class=\"meta-nav\">&rarr;<\/span><\/a> <a href=\"https:\/\/www.iespasqualcalbo.cat\/blocs\/europa\/2015\/02\/16\/lies-pasqual-calbo-i-caldes-rep-a-dos-alumnes-dfp-de-finlandia\/\">Continua llegint <span class=\"meta-nav\">&rarr;<\/span><\/a><\/p>\n","protected":false},"author":1,"featured_media":0,"comment_status":"closed","ping_status":"closed","sticky":false,"template":"","format":"standard","meta":{"footnotes":""},"categories":[2],"tags":[],"class_list":["post-488","post","type-post","status-publish","format-standard","hentry","category-uncategorized"],"_links":{"self":[{"href":"https:\/\/www.iespasqualcalbo.cat\/blocs\/europa\/wp-json\/wp\/v2\/posts\/488","targetHints":{"allow":["GET"]}}],"collection":[{"href":"https:\/\/www.iespasqualcalbo.cat\/blocs\/europa\/wp-json\/wp\/v2\/posts"}],"about":[{"href":"https:\/\/www.iespasqualcalbo.cat\/blocs\/europa\/wp-json\/wp\/v2\/types\/post"}],"author":[{"embeddable":true,"href":"https:\/\/www.iespasqualcalbo.cat\/blocs\/europa\/wp-json\/wp\/v2\/users\/1"}],"replies":[{"embeddable":true,"href":"https:\/\/www.iespasqualcalbo.cat\/blocs\/europa\/wp-json\/wp\/v2\/comments?post=488"}],"version-history":[{"count":0,"href":"https:\/\/www.iespasqualcalbo.cat\/blocs\/europa\/wp-json\/wp\/v2\/posts\/488\/revisions"}],"wp:attachment":[{"href":"https:\/\/www.iespasqualcalbo.cat\/blocs\/europa\/wp-json\/wp\/v2\/media?parent=488"}],"wp:term":[{"taxonomy":"category","embeddable":true,"href":"https:\/\/www.iespasqualcalbo.cat\/blocs\/europa\/wp-json\/wp\/v2\/categories?post=488"},{"taxonomy":"post_tag","embeddable":true,"href":"https:\/\/www.iespasqualcalbo.cat\/blocs\/europa\/wp-json\/wp\/v2\/tags?post=488"}],"curies":[{"name":"wp","href":"https:\/\/api.w.org\/{rel}","templated":true}]}}