{"id":454,"date":"2014-10-06T20:05:15","date_gmt":"2014-10-06T18:05:15","guid":{"rendered":"http:\/\/iespasqualcalbo.cat\/blocs\/europa\/?p=454"},"modified":"2014-10-06T20:05:15","modified_gmt":"2014-10-06T18:05:15","slug":"inici-de-les-classes-de-preparacio-linguistica","status":"publish","type":"post","link":"https:\/\/www.iespasqualcalbo.cat\/blocs\/europa\/2014\/10\/06\/inici-de-les-classes-de-preparacio-linguistica\/","title":{"rendered":"Inici de les classes de preparaci\u00f3 ling\u00fc\u00edstica del curs 2014-15"},"content":{"rendered":"<p>\t\t\t\tAquest dilluns comencen les classes de preparaci\u00f3 ling\u00fc\u00edstica per a tots aquells alumnes de GM i GS que tenguin intencions de fer una estada Leonardo da Vinci o Erasmus durant el per\u00edode de FCT d&#8217;aquest curs o durant el curs que ve.<\/p>\n<p>Les classes tindran lloc tots els dilluns de 14 a 15 h a l&#8217;aula de Xarxipelag-1 i seram impartides per el professor Mikel Navarro.<\/p>\n<p><a href=\"http:\/\/iespasqualcalbo.cat\/blocs\/wp-content\/uploads\/sites\/14\/2014\/10\/curso-adultos-londres.jpg\"><img fetchpriority=\"high\" decoding=\"async\" class=\"aligncenter size-medium wp-image-455\" src=\"http:\/\/iespasqualcalbo.cat\/blocs\/wp-content\/uploads\/sites\/14\/2014\/10\/curso-adultos-londres-300x206.jpg\" alt=\"curso-adultos-londres\" width=\"300\" height=\"206\" srcset=\"https:\/\/www.iespasqualcalbo.cat\/blocs\/europa\/wp-content\/uploads\/sites\/14\/2014\/10\/curso-adultos-londres-300x206.jpg 300w, https:\/\/www.iespasqualcalbo.cat\/blocs\/europa\/wp-content\/uploads\/sites\/14\/2014\/10\/curso-adultos-londres-768x528.jpg 768w, https:\/\/www.iespasqualcalbo.cat\/blocs\/europa\/wp-content\/uploads\/sites\/14\/2014\/10\/curso-adultos-londres-1024x704.jpg 1024w, https:\/\/www.iespasqualcalbo.cat\/blocs\/europa\/wp-content\/uploads\/sites\/14\/2014\/10\/curso-adultos-londres.jpg 1112w\" sizes=\"(max-width: 300px) 100vw, 300px\" \/><\/a><\/p>\n<p>&nbsp;<\/p>\n<p>Al llarg del curs els assistents podran practicar tant el vocabulari i les expressions que m\u00e9s sempren en situacions normals del dia a dia com el vocabulari propi del seu perfil professional, de manera distesa i divertida.<\/p>\n<p><a href=\"http:\/\/iespasqualcalbo.cat\/blocs\/wp-content\/uploads\/sites\/14\/2014\/10\/slide-bilbao-02_1.jpg\"><img decoding=\"async\" class=\"aligncenter size-medium wp-image-456\" src=\"http:\/\/iespasqualcalbo.cat\/blocs\/wp-content\/uploads\/sites\/14\/2014\/10\/slide-bilbao-02_1-300x183.jpg\" alt=\"slide-bilbao-02_1\" width=\"300\" height=\"183\" \/><\/a><\/p>\n<p>&nbsp;<\/p>\n<p>&nbsp;<\/p>\n<p>&nbsp;\t\t<\/p>\n","protected":false},"excerpt":{"rendered":"<p>Aquest dilluns comencen les classes de preparaci\u00f3 ling\u00fc\u00edstica per a tots aquells alumnes de GM i GS que tenguin intencions de fer una estada Leonardo da Vinci o Erasmus durant el per\u00edode de FCT d&#8217;aquest curs o durant el curs &hellip; <a href=\"https:\/\/www.iespasqualcalbo.cat\/blocs\/europa\/2014\/10\/06\/inici-de-les-classes-de-preparacio-linguistica\/\">Continua llegint <span class=\"meta-nav\">&rarr;<\/span><\/a> <a href=\"https:\/\/www.iespasqualcalbo.cat\/blocs\/europa\/2014\/10\/06\/inici-de-les-classes-de-preparacio-linguistica\/\">Continua llegint <span class=\"meta-nav\">&rarr;<\/span><\/a><\/p>\n","protected":false},"author":1,"featured_media":0,"comment_status":"closed","ping_status":"closed","sticky":false,"template":"","format":"standard","meta":{"footnotes":""},"categories":[2],"tags":[],"class_list":["post-454","post","type-post","status-publish","format-standard","hentry","category-uncategorized"],"_links":{"self":[{"href":"https:\/\/www.iespasqualcalbo.cat\/blocs\/europa\/wp-json\/wp\/v2\/posts\/454","targetHints":{"allow":["GET"]}}],"collection":[{"href":"https:\/\/www.iespasqualcalbo.cat\/blocs\/europa\/wp-json\/wp\/v2\/posts"}],"about":[{"href":"https:\/\/www.iespasqualcalbo.cat\/blocs\/europa\/wp-json\/wp\/v2\/types\/post"}],"author":[{"embeddable":true,"href":"https:\/\/www.iespasqualcalbo.cat\/blocs\/europa\/wp-json\/wp\/v2\/users\/1"}],"replies":[{"embeddable":true,"href":"https:\/\/www.iespasqualcalbo.cat\/blocs\/europa\/wp-json\/wp\/v2\/comments?post=454"}],"version-history":[{"count":0,"href":"https:\/\/www.iespasqualcalbo.cat\/blocs\/europa\/wp-json\/wp\/v2\/posts\/454\/revisions"}],"wp:attachment":[{"href":"https:\/\/www.iespasqualcalbo.cat\/blocs\/europa\/wp-json\/wp\/v2\/media?parent=454"}],"wp:term":[{"taxonomy":"category","embeddable":true,"href":"https:\/\/www.iespasqualcalbo.cat\/blocs\/europa\/wp-json\/wp\/v2\/categories?post=454"},{"taxonomy":"post_tag","embeddable":true,"href":"https:\/\/www.iespasqualcalbo.cat\/blocs\/europa\/wp-json\/wp\/v2\/tags?post=454"}],"curies":[{"name":"wp","href":"https:\/\/api.w.org\/{rel}","templated":true}]}}