{"id":412,"date":"2014-03-08T23:13:18","date_gmt":"2014-03-08T21:13:18","guid":{"rendered":"http:\/\/iespasqualcalbo.cat\/blocs\/europa\/?p=412"},"modified":"2014-03-08T23:13:18","modified_gmt":"2014-03-08T21:13:18","slug":"412","status":"publish","type":"post","link":"https:\/\/www.iespasqualcalbo.cat\/blocs\/europa\/2014\/03\/08\/412\/","title":{"rendered":"L&#8217;institut despeix els dos alumnes de Finl\u00e0ndia"},"content":{"rendered":"<p>\t\t\t\tDespr\u00e9s de 4 setmanes de pr\u00e0tiques formatives al departament de manteniment de l&#8217;Aeroport de Menorca, el passat dilluns dia 3 en Kalle i en Jesse van tornar cap a Finl\u00e0ndia per acabar el CF d&#8217;Instal\u00b7lacions El\u00e8ctriques.<\/p>\n<p>Durant aquestes setmanes, a part de la formaci\u00f3 t\u00e8cnica rebuda durant les pr\u00e0ctiques, han tingut l&#8217;oportunitat de con\u00e8ixer Menorca i el nostre centre. La seva estada els ha resultat f\u00e0cil perqu\u00e8 ja coneixien alumnes del centre que havien estat a Oulu el curs passat, per\u00f2 durant aquestes setmanes han tingut l&#8217;oportunitat de fer diferents activitats amb els alumnes de Batxillerat i CF.<\/p>\n<p>Abans de tornar cap al seu pa\u00eds van expressar el seu agra\u00efment pel tracte rebut per part de tot el centre.<\/p>\n<p><a href=\"http:\/\/iespasqualcalbo.cat\/blocs\/wp-content\/uploads\/sites\/14\/2014\/03\/FOTO-KALLE-I-JESSE-AL-CENTRE.jpg\"><img fetchpriority=\"high\" decoding=\"async\" class=\"aligncenter  wp-image-413\" alt=\"FOTO KALLE I JESSE AL CENTRE\" src=\"http:\/\/iespasqualcalbo.cat\/blocs\/wp-content\/uploads\/sites\/14\/2014\/03\/FOTO-KALLE-I-JESSE-AL-CENTRE-300x225.jpg\" width=\"368\" height=\"277\" srcset=\"https:\/\/www.iespasqualcalbo.cat\/blocs\/europa\/wp-content\/uploads\/sites\/14\/2014\/03\/FOTO-KALLE-I-JESSE-AL-CENTRE-300x225.jpg 300w, https:\/\/www.iespasqualcalbo.cat\/blocs\/europa\/wp-content\/uploads\/sites\/14\/2014\/03\/FOTO-KALLE-I-JESSE-AL-CENTRE-768x576.jpg 768w, https:\/\/www.iespasqualcalbo.cat\/blocs\/europa\/wp-content\/uploads\/sites\/14\/2014\/03\/FOTO-KALLE-I-JESSE-AL-CENTRE-1024x768.jpg 1024w\" sizes=\"(max-width: 368px) 100vw, 368px\" \/><\/a>\t\t<\/p>\n","protected":false},"excerpt":{"rendered":"<p>Despr\u00e9s de 4 setmanes de pr\u00e0tiques formatives al departament de manteniment de l&#8217;Aeroport de Menorca, el passat dilluns dia 3 en Kalle i en Jesse van tornar cap a Finl\u00e0ndia per acabar el CF d&#8217;Instal\u00b7lacions El\u00e8ctriques. Durant aquestes setmanes, a &hellip; <a href=\"https:\/\/www.iespasqualcalbo.cat\/blocs\/europa\/2014\/03\/08\/412\/\">Continua llegint <span class=\"meta-nav\">&rarr;<\/span><\/a> <a href=\"https:\/\/www.iespasqualcalbo.cat\/blocs\/europa\/2014\/03\/08\/412\/\">Continua llegint <span class=\"meta-nav\">&rarr;<\/span><\/a><\/p>\n","protected":false},"author":1,"featured_media":0,"comment_status":"open","ping_status":"open","sticky":false,"template":"","format":"standard","meta":{"footnotes":""},"categories":[2],"tags":[],"class_list":["post-412","post","type-post","status-publish","format-standard","hentry","category-uncategorized"],"_links":{"self":[{"href":"https:\/\/www.iespasqualcalbo.cat\/blocs\/europa\/wp-json\/wp\/v2\/posts\/412","targetHints":{"allow":["GET"]}}],"collection":[{"href":"https:\/\/www.iespasqualcalbo.cat\/blocs\/europa\/wp-json\/wp\/v2\/posts"}],"about":[{"href":"https:\/\/www.iespasqualcalbo.cat\/blocs\/europa\/wp-json\/wp\/v2\/types\/post"}],"author":[{"embeddable":true,"href":"https:\/\/www.iespasqualcalbo.cat\/blocs\/europa\/wp-json\/wp\/v2\/users\/1"}],"replies":[{"embeddable":true,"href":"https:\/\/www.iespasqualcalbo.cat\/blocs\/europa\/wp-json\/wp\/v2\/comments?post=412"}],"version-history":[{"count":0,"href":"https:\/\/www.iespasqualcalbo.cat\/blocs\/europa\/wp-json\/wp\/v2\/posts\/412\/revisions"}],"wp:attachment":[{"href":"https:\/\/www.iespasqualcalbo.cat\/blocs\/europa\/wp-json\/wp\/v2\/media?parent=412"}],"wp:term":[{"taxonomy":"category","embeddable":true,"href":"https:\/\/www.iespasqualcalbo.cat\/blocs\/europa\/wp-json\/wp\/v2\/categories?post=412"},{"taxonomy":"post_tag","embeddable":true,"href":"https:\/\/www.iespasqualcalbo.cat\/blocs\/europa\/wp-json\/wp\/v2\/tags?post=412"}],"curies":[{"name":"wp","href":"https:\/\/api.w.org\/{rel}","templated":true}]}}