{"id":391,"date":"2013-04-24T00:37:11","date_gmt":"2013-04-23T22:37:11","guid":{"rendered":"http:\/\/iespasqualcalbo.cat\/blocs\/europa\/?p=391"},"modified":"2013-04-24T00:37:11","modified_gmt":"2013-04-23T22:37:11","slug":"els-4-alumnes-delectricitat-que-estan-a-finlandia-fent-practiques-aprofiten-al-maxim-la-seva-estada","status":"publish","type":"post","link":"https:\/\/www.iespasqualcalbo.cat\/blocs\/europa\/2013\/04\/24\/els-4-alumnes-delectricitat-que-estan-a-finlandia-fent-practiques-aprofiten-al-maxim-la-seva-estada\/","title":{"rendered":"Els 4 alumnes d\u2019electricitat que estan a Finl\u00e0ndia fent pr\u00e0ctiques aprofiten al m\u00e0xim la seva estada"},"content":{"rendered":"<p>\t\t\t\tEn Ferran, en Toni, en Joel i en Joan ja duen m\u00e9s de la meitat de la seva estada a Oulu, a Finl\u00e0ndia, i estan aprofitant al m\u00e0xim la seva experi\u00e8ncia. Despr\u00e9s dels primers dies d&#8217;adaptaci\u00f3 al nou pa\u00eds i de con\u00e8ixer el centre on fan les pr\u00e0ctiques, van dedicar el primer cap de setmana all\u00e0 a visitar la ciutat d&#8217;Oulu.<\/p>\n<p><a href=\"http:\/\/iespasqualcalbo.cat\/blocs\/wp-content\/uploads\/sites\/14\/2013\/04\/Oulu.jpg\"><img fetchpriority=\"high\" decoding=\"async\" class=\"aligncenter size-medium wp-image-392\" alt=\"Oulu\" src=\"http:\/\/iespasqualcalbo.cat\/blocs\/wp-content\/uploads\/sites\/14\/2013\/04\/Oulu-300x225.jpg\" width=\"300\" height=\"225\" srcset=\"https:\/\/www.iespasqualcalbo.cat\/blocs\/europa\/wp-content\/uploads\/sites\/14\/2013\/04\/Oulu-300x225.jpg 300w, https:\/\/www.iespasqualcalbo.cat\/blocs\/europa\/wp-content\/uploads\/sites\/14\/2013\/04\/Oulu-768x576.jpg 768w, https:\/\/www.iespasqualcalbo.cat\/blocs\/europa\/wp-content\/uploads\/sites\/14\/2013\/04\/Oulu-1024x768.jpg 1024w\" sizes=\"(max-width: 300px) 100vw, 300px\" \/><\/a><\/p>\n<p>&nbsp;<\/p>\n<p>Per altra banda, aquest cap de setmana l&#8217;han dedicat a viatjar pel pa\u00eds i disfrutar dels seus paisatges i espais naturals. Dissabte van viatjar fins a Romanievi, dins el cercle polar \u00e0rtic, i van visitar i el <a href=\"http:\/\/www.ranuazoo.com\/English\/Winter\/Front_page.iw3\">zool\u00f2gic de Ranua<\/a> i el poble on es diu que hi ha la <a href=\"http:\/\/www.santaclausvillage.info\/\">casa del Pare Noel<\/a>. Si tot a\u00e7\u00f2 no era suficient, el diumenge encara van tenir forces per anar a <a href=\"http:\/\/ski.ruka.fi\/eng\/\">esquiar a Ruka<\/a>, on asseguren que s&#8217;ho van passar molt b\u00e9. Esperam que continu\u00efn aix\u00ed i disfrutin el m\u00e0xim de la seva estada.<\/p>\n<p>&nbsp;<\/p>\n<p style=\"text-align: center\"><a href=\"http:\/\/iespasqualcalbo.cat\/blocs\/wp-content\/uploads\/sites\/14\/2013\/04\/Pare-Noel.jpg\"><img decoding=\"async\" class=\"size-medium wp-image-393 aligncenter\" alt=\"Pare Noel\" src=\"http:\/\/iespasqualcalbo.cat\/blocs\/wp-content\/uploads\/sites\/14\/2013\/04\/Pare-Noel-300x200.jpg\" width=\"312\" height=\"218\" \/><\/a><\/p>\n<p style=\"text-align: center\">\n<p style=\"text-align: center\"><a href=\"http:\/\/iespasqualcalbo.cat\/blocs\/wp-content\/uploads\/sites\/14\/2013\/04\/Pista-esqu\u00ed-II.jpg\"><img decoding=\"async\" class=\"aligncenter size-medium wp-image-399\" alt=\"Pista esqu\u00ed II\" src=\"http:\/\/iespasqualcalbo.cat\/blocs\/wp-content\/uploads\/sites\/14\/2013\/04\/Pista-esqu\u00ed-II-300x222.jpg\" width=\"300\" height=\"222\" \/><\/a><\/p>\n<p>&nbsp;<\/p>\n<p>&nbsp;<\/p>\n<p>&nbsp;<\/p>\n<p>&nbsp;<\/p>\n<p>&nbsp;\t\t<\/p>\n","protected":false},"excerpt":{"rendered":"<p>En Ferran, en Toni, en Joel i en Joan ja duen m\u00e9s de la meitat de la seva estada a Oulu, a Finl\u00e0ndia, i estan aprofitant al m\u00e0xim la seva experi\u00e8ncia. Despr\u00e9s dels primers dies d&#8217;adaptaci\u00f3 al nou pa\u00eds i &hellip; <a href=\"https:\/\/www.iespasqualcalbo.cat\/blocs\/europa\/2013\/04\/24\/els-4-alumnes-delectricitat-que-estan-a-finlandia-fent-practiques-aprofiten-al-maxim-la-seva-estada\/\">Continua llegint <span class=\"meta-nav\">&rarr;<\/span><\/a> <a href=\"https:\/\/www.iespasqualcalbo.cat\/blocs\/europa\/2013\/04\/24\/els-4-alumnes-delectricitat-que-estan-a-finlandia-fent-practiques-aprofiten-al-maxim-la-seva-estada\/\">Continua llegint <span class=\"meta-nav\">&rarr;<\/span><\/a><\/p>\n","protected":false},"author":1,"featured_media":0,"comment_status":"open","ping_status":"open","sticky":false,"template":"","format":"standard","meta":{"footnotes":""},"categories":[2],"tags":[],"class_list":["post-391","post","type-post","status-publish","format-standard","hentry","category-uncategorized"],"_links":{"self":[{"href":"https:\/\/www.iespasqualcalbo.cat\/blocs\/europa\/wp-json\/wp\/v2\/posts\/391","targetHints":{"allow":["GET"]}}],"collection":[{"href":"https:\/\/www.iespasqualcalbo.cat\/blocs\/europa\/wp-json\/wp\/v2\/posts"}],"about":[{"href":"https:\/\/www.iespasqualcalbo.cat\/blocs\/europa\/wp-json\/wp\/v2\/types\/post"}],"author":[{"embeddable":true,"href":"https:\/\/www.iespasqualcalbo.cat\/blocs\/europa\/wp-json\/wp\/v2\/users\/1"}],"replies":[{"embeddable":true,"href":"https:\/\/www.iespasqualcalbo.cat\/blocs\/europa\/wp-json\/wp\/v2\/comments?post=391"}],"version-history":[{"count":0,"href":"https:\/\/www.iespasqualcalbo.cat\/blocs\/europa\/wp-json\/wp\/v2\/posts\/391\/revisions"}],"wp:attachment":[{"href":"https:\/\/www.iespasqualcalbo.cat\/blocs\/europa\/wp-json\/wp\/v2\/media?parent=391"}],"wp:term":[{"taxonomy":"category","embeddable":true,"href":"https:\/\/www.iespasqualcalbo.cat\/blocs\/europa\/wp-json\/wp\/v2\/categories?post=391"},{"taxonomy":"post_tag","embeddable":true,"href":"https:\/\/www.iespasqualcalbo.cat\/blocs\/europa\/wp-json\/wp\/v2\/tags?post=391"}],"curies":[{"name":"wp","href":"https:\/\/api.w.org\/{rel}","templated":true}]}}