{"id":251,"date":"2012-04-27T14:00:12","date_gmt":"2012-04-27T12:00:12","guid":{"rendered":"http:\/\/iespasqualcalbo.cat\/blocs\/europa\/?p=251"},"modified":"2012-04-27T14:00:12","modified_gmt":"2012-04-27T12:00:12","slug":"setmana-dinici-i-finaltizacio-de-diferents-estades-formatives-leonardo-da-vinci","status":"publish","type":"post","link":"https:\/\/www.iespasqualcalbo.cat\/blocs\/europa\/2012\/04\/27\/setmana-dinici-i-finaltizacio-de-diferents-estades-formatives-leonardo-da-vinci\/","title":{"rendered":"Setmana d&#8217;inici i finaltizaci\u00f3 de diferents estades formatives Leonardo da Vinci"},"content":{"rendered":"<p>\t\t\t\tEls 3 alumnes d&#8217;ELE-21 van finalitzar divendres passat, dia 20 d&#8217;abril, les 4 setmanes de pr\u00e1ctiques formatives en una empresa de Romania\u00a0 i aquesta setmana han retornat per finalitzar aqu\u00ed el seu per\u00edode de pr\u00e0ctiques. Aquesta experi\u00e8ncia ha estat del tot satisfact\u00f2ria per ells, ja que els ha perm\u00e8s con\u00e8ixer un pa\u00eds i una manera de viure bastant diferent a la nostra.<\/p>\n<p>Al mateix temps, dimarts dia 24 vam rebre als dos alumnes de Finl\u00e0ndia, Eetu i Leevi, que s&#8217;han despla\u00e7at fins a Menorca per fer tamb\u00e9 4 setmanes de pr\u00e0ctiques amb el departament d&#8217;Enginyeria i Manteniment de l&#8217;Aeroport de Menorca. Esperam que la seva estada a l&#8217;illa sigui tamb\u00e9 del tot satisfact\u00f2ria!<\/p>\n<p><a href=\"http:\/\/iespasqualcalbo.cat\/blocs\/wp-content\/uploads\/sites\/14\/2012\/04\/Leevi-and-Eetu-26-04-12.jpg\"><img fetchpriority=\"high\" decoding=\"async\" class=\"aligncenter size-medium wp-image-252\" src=\"http:\/\/iespasqualcalbo.cat\/blocs\/wp-content\/uploads\/sites\/14\/2012\/04\/Leevi-and-Eetu-26-04-12-225x300.jpg\" alt=\"\" width=\"225\" height=\"300\" srcset=\"https:\/\/www.iespasqualcalbo.cat\/blocs\/europa\/wp-content\/uploads\/sites\/14\/2012\/04\/Leevi-and-Eetu-26-04-12-225x300.jpg 225w, https:\/\/www.iespasqualcalbo.cat\/blocs\/europa\/wp-content\/uploads\/sites\/14\/2012\/04\/Leevi-and-Eetu-26-04-12-768x1024.jpg 768w, https:\/\/www.iespasqualcalbo.cat\/blocs\/europa\/wp-content\/uploads\/sites\/14\/2012\/04\/Leevi-and-Eetu-26-04-12.jpg 960w\" sizes=\"(max-width: 225px) 100vw, 225px\" \/><\/a><\/p>\n<p>&nbsp;\t\t<\/p>\n","protected":false},"excerpt":{"rendered":"<p>Els 3 alumnes d&#8217;ELE-21 van finalitzar divendres passat, dia 20 d&#8217;abril, les 4 setmanes de pr\u00e1ctiques formatives en una empresa de Romania\u00a0 i aquesta setmana han retornat per finalitzar aqu\u00ed el seu per\u00edode de pr\u00e0ctiques. Aquesta experi\u00e8ncia ha estat del &hellip; <a href=\"https:\/\/www.iespasqualcalbo.cat\/blocs\/europa\/2012\/04\/27\/setmana-dinici-i-finaltizacio-de-diferents-estades-formatives-leonardo-da-vinci\/\">Continua llegint <span class=\"meta-nav\">&rarr;<\/span><\/a> <a href=\"https:\/\/www.iespasqualcalbo.cat\/blocs\/europa\/2012\/04\/27\/setmana-dinici-i-finaltizacio-de-diferents-estades-formatives-leonardo-da-vinci\/\">Continua llegint <span class=\"meta-nav\">&rarr;<\/span><\/a><\/p>\n","protected":false},"author":1,"featured_media":0,"comment_status":"open","ping_status":"open","sticky":false,"template":"","format":"standard","meta":{"footnotes":""},"categories":[2],"tags":[],"class_list":["post-251","post","type-post","status-publish","format-standard","hentry","category-uncategorized"],"_links":{"self":[{"href":"https:\/\/www.iespasqualcalbo.cat\/blocs\/europa\/wp-json\/wp\/v2\/posts\/251","targetHints":{"allow":["GET"]}}],"collection":[{"href":"https:\/\/www.iespasqualcalbo.cat\/blocs\/europa\/wp-json\/wp\/v2\/posts"}],"about":[{"href":"https:\/\/www.iespasqualcalbo.cat\/blocs\/europa\/wp-json\/wp\/v2\/types\/post"}],"author":[{"embeddable":true,"href":"https:\/\/www.iespasqualcalbo.cat\/blocs\/europa\/wp-json\/wp\/v2\/users\/1"}],"replies":[{"embeddable":true,"href":"https:\/\/www.iespasqualcalbo.cat\/blocs\/europa\/wp-json\/wp\/v2\/comments?post=251"}],"version-history":[{"count":0,"href":"https:\/\/www.iespasqualcalbo.cat\/blocs\/europa\/wp-json\/wp\/v2\/posts\/251\/revisions"}],"wp:attachment":[{"href":"https:\/\/www.iespasqualcalbo.cat\/blocs\/europa\/wp-json\/wp\/v2\/media?parent=251"}],"wp:term":[{"taxonomy":"category","embeddable":true,"href":"https:\/\/www.iespasqualcalbo.cat\/blocs\/europa\/wp-json\/wp\/v2\/categories?post=251"},{"taxonomy":"post_tag","embeddable":true,"href":"https:\/\/www.iespasqualcalbo.cat\/blocs\/europa\/wp-json\/wp\/v2\/tags?post=251"}],"curies":[{"name":"wp","href":"https:\/\/api.w.org\/{rel}","templated":true}]}}