{"id":1224,"date":"2019-04-09T17:10:50","date_gmt":"2019-04-09T15:10:50","guid":{"rendered":"http:\/\/www.iespasqualcalbo.cat\/blocs\/europa\/?p=1224"},"modified":"2019-04-15T18:29:56","modified_gmt":"2019-04-15T16:29:56","slug":"primera-setmana-de-na-gemma-a-italia","status":"publish","type":"post","link":"https:\/\/www.iespasqualcalbo.cat\/blocs\/europa\/2019\/04\/09\/primera-setmana-de-na-gemma-a-italia\/","title":{"rendered":"Primera setmana de na Gemma a It\u00e0lia"},"content":{"rendered":"\n<p>La nostra alumna Gemma Pons Alemany del cicle de Grau Mitj\u00e0 d&#8217;Administraci\u00f3 i Gesti\u00f3 fa les pr\u00e0ctiques FCT amb una estada Erasmus+ a Sal\u00f3, It\u00e0lia, a una biblioteca. A m\u00e9s a m\u00e9s, na Gemma assisteix a classes d&#8217;itali\u00e0 al centre escolar hom\u00f2leg de la mateixa localitat.<\/p>\n\n\n\n<p>Na Gemma est\u00e0 aprenent molt i fa feines com ordenar els llibres amb el seu sistema d&#8217;arxiu, ha segellat i classificat els llibres nous, i ha preparat els que s&#8217;han d&#8217;enviar a altres biblioteques. Tamb\u00e9 li han ensenyat el seu programa inform\u00e0tic de registre.<\/p>\n\n\n\n<p>A les classes d&#8217;itali\u00e0 assisteix pels matins i a fer feina hi va els capvespres.<\/p>\n\n\n\n<p>Na Gemma ha aprofitat tamb\u00e9 per fer turisme per la ciutat.<\/p>\n\n\n\n<figure class=\"wp-block-image\"><img fetchpriority=\"high\" decoding=\"async\" width=\"768\" height=\"1024\" src=\"https:\/\/www.iespasqualcalbo.cat\/blocs\/europa\/wp-content\/uploads\/sites\/14\/2019\/04\/20190331_153352-768x1024.jpg\" alt=\"\" class=\"wp-image-1225\" srcset=\"https:\/\/www.iespasqualcalbo.cat\/blocs\/europa\/wp-content\/uploads\/sites\/14\/2019\/04\/20190331_153352-768x1024.jpg 768w, https:\/\/www.iespasqualcalbo.cat\/blocs\/europa\/wp-content\/uploads\/sites\/14\/2019\/04\/20190331_153352-225x300.jpg 225w\" sizes=\"(max-width: 768px) 100vw, 768px\" \/><\/figure>\n\n\n\n<figure class=\"wp-block-image\"><img decoding=\"async\" width=\"1024\" height=\"768\" src=\"https:\/\/www.iespasqualcalbo.cat\/blocs\/europa\/wp-content\/uploads\/sites\/14\/2019\/04\/20190405_161750-1024x768.jpg\" alt=\"\" class=\"wp-image-1226\" srcset=\"https:\/\/www.iespasqualcalbo.cat\/blocs\/europa\/wp-content\/uploads\/sites\/14\/2019\/04\/20190405_161750-1024x768.jpg 1024w, https:\/\/www.iespasqualcalbo.cat\/blocs\/europa\/wp-content\/uploads\/sites\/14\/2019\/04\/20190405_161750-300x225.jpg 300w, https:\/\/www.iespasqualcalbo.cat\/blocs\/europa\/wp-content\/uploads\/sites\/14\/2019\/04\/20190405_161750-768x576.jpg 768w\" sizes=\"(max-width: 1024px) 100vw, 1024px\" \/><\/figure>\n\n\n\n<figure class=\"wp-block-image\"><img decoding=\"async\" width=\"768\" height=\"1024\" src=\"https:\/\/www.iespasqualcalbo.cat\/blocs\/europa\/wp-content\/uploads\/sites\/14\/2019\/04\/20190405_161808-768x1024.jpg\" alt=\"\" class=\"wp-image-1227\" srcset=\"https:\/\/www.iespasqualcalbo.cat\/blocs\/europa\/wp-content\/uploads\/sites\/14\/2019\/04\/20190405_161808-768x1024.jpg 768w, https:\/\/www.iespasqualcalbo.cat\/blocs\/europa\/wp-content\/uploads\/sites\/14\/2019\/04\/20190405_161808-225x300.jpg 225w\" sizes=\"(max-width: 768px) 100vw, 768px\" \/><\/figure>\n\n\n\n<figure class=\"wp-block-image\"><img loading=\"lazy\" decoding=\"async\" width=\"1024\" height=\"768\" src=\"https:\/\/www.iespasqualcalbo.cat\/blocs\/europa\/wp-content\/uploads\/sites\/14\/2019\/04\/20190405_182012-1024x768.jpg\" alt=\"\" class=\"wp-image-1228\" srcset=\"https:\/\/www.iespasqualcalbo.cat\/blocs\/europa\/wp-content\/uploads\/sites\/14\/2019\/04\/20190405_182012-1024x768.jpg 1024w, https:\/\/www.iespasqualcalbo.cat\/blocs\/europa\/wp-content\/uploads\/sites\/14\/2019\/04\/20190405_182012-300x225.jpg 300w, https:\/\/www.iespasqualcalbo.cat\/blocs\/europa\/wp-content\/uploads\/sites\/14\/2019\/04\/20190405_182012-768x576.jpg 768w\" sizes=\"(max-width: 1024px) 100vw, 1024px\" \/><\/figure>\n\n\n\n<figure class=\"wp-block-image\"><img loading=\"lazy\" decoding=\"async\" width=\"1024\" height=\"768\" src=\"https:\/\/www.iespasqualcalbo.cat\/blocs\/europa\/wp-content\/uploads\/sites\/14\/2019\/04\/20190408_130946-1024x768.jpg\" alt=\"\" class=\"wp-image-1229\" srcset=\"https:\/\/www.iespasqualcalbo.cat\/blocs\/europa\/wp-content\/uploads\/sites\/14\/2019\/04\/20190408_130946-1024x768.jpg 1024w, https:\/\/www.iespasqualcalbo.cat\/blocs\/europa\/wp-content\/uploads\/sites\/14\/2019\/04\/20190408_130946-300x225.jpg 300w, https:\/\/www.iespasqualcalbo.cat\/blocs\/europa\/wp-content\/uploads\/sites\/14\/2019\/04\/20190408_130946-768x576.jpg 768w\" sizes=\"(max-width: 1024px) 100vw, 1024px\" \/><\/figure>\n","protected":false},"excerpt":{"rendered":"<p>La nostra alumna Gemma Pons Alemany del cicle de Grau Mitj\u00e0 d&#8217;Administraci\u00f3 i Gesti\u00f3 fa les pr\u00e0ctiques FCT amb una estada Erasmus+ a Sal\u00f3, It\u00e0lia, a una biblioteca. A m\u00e9s a m\u00e9s, na Gemma assisteix a classes d&#8217;itali\u00e0 al centre &hellip; <a href=\"https:\/\/www.iespasqualcalbo.cat\/blocs\/europa\/2019\/04\/09\/primera-setmana-de-na-gemma-a-italia\/\">Continua llegint <span class=\"meta-nav\">&rarr;<\/span><\/a><\/p>\n","protected":false},"author":5,"featured_media":0,"comment_status":"open","ping_status":"open","sticky":false,"template":"","format":"standard","meta":{"footnotes":""},"categories":[1],"tags":[],"class_list":["post-1224","post","type-post","status-publish","format-standard","hentry","category-general"],"_links":{"self":[{"href":"https:\/\/www.iespasqualcalbo.cat\/blocs\/europa\/wp-json\/wp\/v2\/posts\/1224","targetHints":{"allow":["GET"]}}],"collection":[{"href":"https:\/\/www.iespasqualcalbo.cat\/blocs\/europa\/wp-json\/wp\/v2\/posts"}],"about":[{"href":"https:\/\/www.iespasqualcalbo.cat\/blocs\/europa\/wp-json\/wp\/v2\/types\/post"}],"author":[{"embeddable":true,"href":"https:\/\/www.iespasqualcalbo.cat\/blocs\/europa\/wp-json\/wp\/v2\/users\/5"}],"replies":[{"embeddable":true,"href":"https:\/\/www.iespasqualcalbo.cat\/blocs\/europa\/wp-json\/wp\/v2\/comments?post=1224"}],"version-history":[{"count":4,"href":"https:\/\/www.iespasqualcalbo.cat\/blocs\/europa\/wp-json\/wp\/v2\/posts\/1224\/revisions"}],"predecessor-version":[{"id":1273,"href":"https:\/\/www.iespasqualcalbo.cat\/blocs\/europa\/wp-json\/wp\/v2\/posts\/1224\/revisions\/1273"}],"wp:attachment":[{"href":"https:\/\/www.iespasqualcalbo.cat\/blocs\/europa\/wp-json\/wp\/v2\/media?parent=1224"}],"wp:term":[{"taxonomy":"category","embeddable":true,"href":"https:\/\/www.iespasqualcalbo.cat\/blocs\/europa\/wp-json\/wp\/v2\/categories?post=1224"},{"taxonomy":"post_tag","embeddable":true,"href":"https:\/\/www.iespasqualcalbo.cat\/blocs\/europa\/wp-json\/wp\/v2\/tags?post=1224"}],"curies":[{"name":"wp","href":"https:\/\/api.w.org\/{rel}","templated":true}]}}