{"id":1046,"date":"2018-10-15T19:23:30","date_gmt":"2018-10-15T17:23:30","guid":{"rendered":"http:\/\/iespasqualcalbo.cat\/blocs\/europa\/?p=1046"},"modified":"2018-10-15T19:23:30","modified_gmt":"2018-10-15T17:23:30","slug":"sessio-informativa-i-de-difusio-dels-projectes-erasmus-alumnes-i-professors-de-capvespre","status":"publish","type":"post","link":"https:\/\/www.iespasqualcalbo.cat\/blocs\/europa\/2018\/10\/15\/sessio-informativa-i-de-difusio-dels-projectes-erasmus-alumnes-i-professors-de-capvespre\/","title":{"rendered":"Sessi\u00f3 informativa i de difusi\u00f3 dels projectes Erasmus+ (alumnes i professors de capvespre) GM i GS"},"content":{"rendered":"<p>\t\t\t\tEl 15 d&#8217;octubre del 2018 ha tingut lloc a la sala polivalent de l&#8217;IES Pasqual Calb\u00f3 i Cald\u00e9s una sessi\u00f3 <strong>informativa<\/strong> i de <strong>difusi\u00f3<\/strong> dels projectes Erasmus+ de Grau Mitj\u00e0 i Grau Superior que actualment gestiona el centre, a c\u00e0rrec de na Sonia Agut, Coordinadora de mobilitat en la Formaci\u00f3 Professional.<\/p>\n<p><a href=\"http:\/\/iespasqualcalbo.cat\/blocs\/wp-content\/uploads\/sites\/14\/2018\/10\/IMG-20181015-WA0006.jpg\"><img fetchpriority=\"high\" decoding=\"async\" class=\"alignnone size-medium wp-image-1050\" src=\"http:\/\/iespasqualcalbo.cat\/blocs\/wp-content\/uploads\/sites\/14\/2018\/10\/IMG-20181015-WA0006-300x225.jpg\" alt=\"\" width=\"300\" height=\"225\" srcset=\"https:\/\/www.iespasqualcalbo.cat\/blocs\/europa\/wp-content\/uploads\/sites\/14\/2018\/10\/IMG-20181015-WA0006-300x225.jpg 300w, https:\/\/www.iespasqualcalbo.cat\/blocs\/europa\/wp-content\/uploads\/sites\/14\/2018\/10\/IMG-20181015-WA0006-768x576.jpg 768w, https:\/\/www.iespasqualcalbo.cat\/blocs\/europa\/wp-content\/uploads\/sites\/14\/2018\/10\/IMG-20181015-WA0006-1024x768.jpg 1024w, https:\/\/www.iespasqualcalbo.cat\/blocs\/europa\/wp-content\/uploads\/sites\/14\/2018\/10\/IMG-20181015-WA0006.jpg 1600w\" sizes=\"(max-width: 300px) 100vw, 300px\" \/><\/a><\/p>\n<p>L&#8217;alumnat i professorat assistent ha pogut con\u00e8ixer de primer m\u00e0 les caracter\u00edstiques dels projectes, el sistema de finan\u00e7ament, la gesti\u00f3 econ\u00f2mica, els pa\u00efsos de dest\u00ed, la durada, el nombre\u00a0i caracter\u00edstiques de les beques, dates de sol\u00b7licitud de beques, baremaci\u00f3 en el sistema d&#8217;otorgament de beques, les sessions de preparaci\u00f3 ling\u00fc\u00edstica i cultural, la plataforma OLS (online linguistic support) i\u00a0planificaci\u00f3 de les accions a realitzar al voltant de l&#8217;estada, entre d&#8217;altres.<\/p>\n<p>Aquesta jornada tamb\u00e9 ha servit per resoldre dubtes i animar els assistents, tant alumnes com professors, a demanar una beca per realitzar una estada formativa a Europa per tal de millorar professionalment i personalment, aix\u00ed com ampliar coneixements acad\u00e8mics, culturals i ling\u00fc\u00edstics al <em>Curriculum<\/em> v<em>itae<\/em>.<\/p>\n<p>&nbsp;\t\t<\/p>\n","protected":false},"excerpt":{"rendered":"<p>El 15 d&#8217;octubre del 2018 ha tingut lloc a la sala polivalent de l&#8217;IES Pasqual Calb\u00f3 i Cald\u00e9s una sessi\u00f3 informativa i de difusi\u00f3 dels projectes Erasmus+ de Grau Mitj\u00e0 i Grau Superior que actualment gestiona el centre, a c\u00e0rrec &hellip; <a href=\"https:\/\/www.iespasqualcalbo.cat\/blocs\/europa\/2018\/10\/15\/sessio-informativa-i-de-difusio-dels-projectes-erasmus-alumnes-i-professors-de-capvespre\/\">Continua llegint <span class=\"meta-nav\">&rarr;<\/span><\/a> <a href=\"https:\/\/www.iespasqualcalbo.cat\/blocs\/europa\/2018\/10\/15\/sessio-informativa-i-de-difusio-dels-projectes-erasmus-alumnes-i-professors-de-capvespre\/\">Continua llegint <span class=\"meta-nav\">&rarr;<\/span><\/a><\/p>\n","protected":false},"author":1,"featured_media":0,"comment_status":"closed","ping_status":"closed","sticky":false,"template":"","format":"standard","meta":{"footnotes":""},"categories":[2],"tags":[],"class_list":["post-1046","post","type-post","status-publish","format-standard","hentry","category-uncategorized"],"_links":{"self":[{"href":"https:\/\/www.iespasqualcalbo.cat\/blocs\/europa\/wp-json\/wp\/v2\/posts\/1046","targetHints":{"allow":["GET"]}}],"collection":[{"href":"https:\/\/www.iespasqualcalbo.cat\/blocs\/europa\/wp-json\/wp\/v2\/posts"}],"about":[{"href":"https:\/\/www.iespasqualcalbo.cat\/blocs\/europa\/wp-json\/wp\/v2\/types\/post"}],"author":[{"embeddable":true,"href":"https:\/\/www.iespasqualcalbo.cat\/blocs\/europa\/wp-json\/wp\/v2\/users\/1"}],"replies":[{"embeddable":true,"href":"https:\/\/www.iespasqualcalbo.cat\/blocs\/europa\/wp-json\/wp\/v2\/comments?post=1046"}],"version-history":[{"count":0,"href":"https:\/\/www.iespasqualcalbo.cat\/blocs\/europa\/wp-json\/wp\/v2\/posts\/1046\/revisions"}],"wp:attachment":[{"href":"https:\/\/www.iespasqualcalbo.cat\/blocs\/europa\/wp-json\/wp\/v2\/media?parent=1046"}],"wp:term":[{"taxonomy":"category","embeddable":true,"href":"https:\/\/www.iespasqualcalbo.cat\/blocs\/europa\/wp-json\/wp\/v2\/categories?post=1046"},{"taxonomy":"post_tag","embeddable":true,"href":"https:\/\/www.iespasqualcalbo.cat\/blocs\/europa\/wp-json\/wp\/v2\/tags?post=1046"}],"curies":[{"name":"wp","href":"https:\/\/api.w.org\/{rel}","templated":true}]}}