{"id":881,"date":"2018-05-11T10:00:43","date_gmt":"2018-05-11T08:00:43","guid":{"rendered":"http:\/\/iespasqualcalbo.cat\/blocs\/electricitat\/?p=881"},"modified":"2018-05-11T10:00:43","modified_gmt":"2018-05-11T08:00:43","slug":"ies-skills-de-formacio-professional-fp","status":"publish","type":"post","link":"https:\/\/www.iespasqualcalbo.cat\/blocs\/electricitat\/2018\/05\/11\/ies-skills-de-formacio-professional-fp\/","title":{"rendered":"IES SKILLS de Formaci\u00f3 Professional (FP)"},"content":{"rendered":"<div dir=\"ltr\">\n<p>Els dies 17 i 18 de maig es celebrar\u00e0 els IES SKILLS per part dels IES Pasqual Calb\u00f3 i Cald\u00e9s i Cap de Llevant. Ser\u00e0 una mostra de tota la seva oferta d&#8217;estudis oficials p\u00fablics de Formaci\u00f3 Professional amb activitats interactives i participatives. No us ho perdeu!<\/p>\n<p>Aquesta mostra est\u00e0 pensada de cara al proc\u00e9s d&#8217;inscripci\u00f3 per al pr\u00f2xim curs d&#8217;estudis d&#8217;FP que comen\u00e7ar\u00e0 per juny per ajudar a la gent a decidir quin ofici vol estudiar.<\/p>\n<p><b><i>El dijous 17 de maig de 18h a 20h est\u00e0 obert a tot el p\u00fablic<\/i><\/b> de Menorca que vulgui con\u00e8ixer qu\u00e8 es pot estudiar en els nostres instituts. Animam a tothom a venir. Entrada de franc.<\/p>\n<\/div>\n<div><\/div>\n<div><a href=\"https:\/\/www.iespasqualcalbo.cat\/blocs\/electricitat\/wp-content\/uploads\/sites\/13\/2018\/05\/skills.jpg\"><img fetchpriority=\"high\" decoding=\"async\" class=\"aligncenter size-medium wp-image-880\" src=\"https:\/\/www.iespasqualcalbo.cat\/blocs\/electricitat\/wp-content\/uploads\/sites\/13\/2018\/05\/skills-209x300.jpg\" alt=\"\" width=\"209\" height=\"300\" srcset=\"https:\/\/www.iespasqualcalbo.cat\/blocs\/electricitat\/wp-content\/uploads\/sites\/13\/2018\/05\/skills-209x300.jpg 209w, https:\/\/www.iespasqualcalbo.cat\/blocs\/electricitat\/wp-content\/uploads\/sites\/13\/2018\/05\/skills.jpg 503w\" sizes=\"(max-width: 209px) 100vw, 209px\" \/><\/a><\/div>\n","protected":false},"excerpt":{"rendered":"<p>Els dies 17 i 18 de maig es celebrar\u00e0 els IES SKILLS per part dels IES Pasqual Calb\u00f3 i Cald\u00e9s i Cap de Llevant. Ser\u00e0 una mostra de tota la seva oferta d&#8217;estudis oficials p\u00fablics de Formaci\u00f3 Professional amb activitats interactives i participatives. No us ho perdeu! Aquesta mostra est\u00e0 pensada de cara al proc\u00e9s [&hellip;]<\/p>\n","protected":false},"author":2,"featured_media":0,"comment_status":"closed","ping_status":"closed","sticky":false,"template":"","format":"standard","meta":{"footnotes":""},"categories":[2],"tags":[],"class_list":["post-881","post","type-post","status-publish","format-standard","hentry","category-activitats-del-departament"],"_links":{"self":[{"href":"https:\/\/www.iespasqualcalbo.cat\/blocs\/electricitat\/wp-json\/wp\/v2\/posts\/881","targetHints":{"allow":["GET"]}}],"collection":[{"href":"https:\/\/www.iespasqualcalbo.cat\/blocs\/electricitat\/wp-json\/wp\/v2\/posts"}],"about":[{"href":"https:\/\/www.iespasqualcalbo.cat\/blocs\/electricitat\/wp-json\/wp\/v2\/types\/post"}],"author":[{"embeddable":true,"href":"https:\/\/www.iespasqualcalbo.cat\/blocs\/electricitat\/wp-json\/wp\/v2\/users\/2"}],"replies":[{"embeddable":true,"href":"https:\/\/www.iespasqualcalbo.cat\/blocs\/electricitat\/wp-json\/wp\/v2\/comments?post=881"}],"version-history":[{"count":0,"href":"https:\/\/www.iespasqualcalbo.cat\/blocs\/electricitat\/wp-json\/wp\/v2\/posts\/881\/revisions"}],"wp:attachment":[{"href":"https:\/\/www.iespasqualcalbo.cat\/blocs\/electricitat\/wp-json\/wp\/v2\/media?parent=881"}],"wp:term":[{"taxonomy":"category","embeddable":true,"href":"https:\/\/www.iespasqualcalbo.cat\/blocs\/electricitat\/wp-json\/wp\/v2\/categories?post=881"},{"taxonomy":"post_tag","embeddable":true,"href":"https:\/\/www.iespasqualcalbo.cat\/blocs\/electricitat\/wp-json\/wp\/v2\/tags?post=881"}],"curies":[{"name":"wp","href":"https:\/\/api.w.org\/{rel}","templated":true}]}}