{"id":602,"date":"2017-12-16T12:54:27","date_gmt":"2017-12-16T10:54:27","guid":{"rendered":"http:\/\/iespasqualcalbo.cat\/blocs\/electricitat\/?p=602"},"modified":"2017-12-16T12:54:27","modified_gmt":"2017-12-16T10:54:27","slug":"portes-obertes-a-la-formacio-professional","status":"publish","type":"post","link":"https:\/\/www.iespasqualcalbo.cat\/blocs\/electricitat\/2017\/12\/16\/portes-obertes-a-la-formacio-professional\/","title":{"rendered":"Portes Obertes a la Formaci\u00f3 Professional"},"content":{"rendered":"<p>\t\t\t\tEl passat dijous 14 de desembre a les 19 hores, participaren al voltant d\u2019unes setanta empreses i institucions en un acte de reconeixement organitzat per l\u2019Institut Pasqual Calb\u00f3 i Cald\u00e9s i la Direcci\u00f3 General de Formaci\u00f3 Professional i Formaci\u00f3 del Professorat que s\u2019emmarca dins del programa Portes Obertes a la Formaci\u00f3 Professional.<\/p>\n<p>A l\u2019acte es va fer entrega d\u2019un certificat d\u2019empresa col\u00b7laboradora i es visitaran les instal\u00b7lacions on els alumnes es formen abans de fer les pr\u00e0ctiques professionals a les empreses reals.<\/p>\n<p>Una trentena d&#8217;empreses que col\u00b7laboran amb el nostre Departament assistiren a l&#8217;acte i visitaran les nostres instal\u00b7lacions.<\/p>\n<p>Des del Departament els volem agrair la seva col\u00b7laboraci\u00f3 i esfor\u00e7 que fan per ajudar al Departament i als nostres alumnes.<\/p>\n<p><a href=\"http:\/\/iespasqualcalbo.cat\/blocs\/electricitat\/wp-content\/uploads\/sites\/6\/2017\/12\/portes-obertes-ele-5.jpg\"><img fetchpriority=\"high\" decoding=\"async\" class=\"aligncenter size-medium wp-image-593\" src=\"http:\/\/iespasqualcalbo.cat\/blocs\/electricitat\/wp-content\/uploads\/sites\/6\/2017\/12\/portes-obertes-ele-5-300x225.jpg\" alt=\"\" width=\"300\" height=\"225\" srcset=\"https:\/\/www.iespasqualcalbo.cat\/blocs\/electricitat\/wp-content\/uploads\/sites\/13\/2017\/12\/portes-obertes-ele-5-300x225.jpg 300w, https:\/\/www.iespasqualcalbo.cat\/blocs\/electricitat\/wp-content\/uploads\/sites\/13\/2017\/12\/portes-obertes-ele-5.jpg 448w\" sizes=\"(max-width: 300px) 100vw, 300px\" \/><\/a><\/p>\n<p><!--more--><\/p>\n<p><a href=\"http:\/\/iespasqualcalbo.cat\/blocs\/electricitat\/wp-content\/uploads\/sites\/6\/2017\/12\/portes-obertes-ele-3.jpg\"><img decoding=\"async\" class=\"aligncenter size-medium wp-image-600\" src=\"http:\/\/iespasqualcalbo.cat\/blocs\/electricitat\/wp-content\/uploads\/sites\/6\/2017\/12\/portes-obertes-ele-3-300x169.jpg\" alt=\"\" width=\"300\" height=\"169\" srcset=\"https:\/\/www.iespasqualcalbo.cat\/blocs\/electricitat\/wp-content\/uploads\/sites\/13\/2017\/12\/portes-obertes-ele-3-300x169.jpg 300w, https:\/\/www.iespasqualcalbo.cat\/blocs\/electricitat\/wp-content\/uploads\/sites\/13\/2017\/12\/portes-obertes-ele-3.jpg 448w\" sizes=\"(max-width: 300px) 100vw, 300px\" \/><\/a> <a href=\"http:\/\/iespasqualcalbo.cat\/blocs\/electricitat\/wp-content\/uploads\/sites\/6\/2017\/12\/portes-obertes-ele-4.jpg\"><img decoding=\"async\" class=\"aligncenter size-medium wp-image-601\" src=\"http:\/\/iespasqualcalbo.cat\/blocs\/electricitat\/wp-content\/uploads\/sites\/6\/2017\/12\/portes-obertes-ele-4-300x225.jpg\" alt=\"\" width=\"300\" height=\"225\" srcset=\"https:\/\/www.iespasqualcalbo.cat\/blocs\/electricitat\/wp-content\/uploads\/sites\/13\/2017\/12\/portes-obertes-ele-4-300x225.jpg 300w, https:\/\/www.iespasqualcalbo.cat\/blocs\/electricitat\/wp-content\/uploads\/sites\/13\/2017\/12\/portes-obertes-ele-4.jpg 448w\" sizes=\"(max-width: 300px) 100vw, 300px\" \/><\/a> <a href=\"http:\/\/iespasqualcalbo.cat\/blocs\/electricitat\/wp-content\/uploads\/sites\/6\/2017\/12\/portes-obertes-ele-1.jpg\"><img loading=\"lazy\" decoding=\"async\" class=\"aligncenter size-medium wp-image-598\" src=\"http:\/\/iespasqualcalbo.cat\/blocs\/electricitat\/wp-content\/uploads\/sites\/6\/2017\/12\/portes-obertes-ele-1-300x169.jpg\" alt=\"\" width=\"300\" height=\"169\" srcset=\"https:\/\/www.iespasqualcalbo.cat\/blocs\/electricitat\/wp-content\/uploads\/sites\/13\/2017\/12\/portes-obertes-ele-1-300x169.jpg 300w, https:\/\/www.iespasqualcalbo.cat\/blocs\/electricitat\/wp-content\/uploads\/sites\/13\/2017\/12\/portes-obertes-ele-1.jpg 448w\" sizes=\"(max-width: 300px) 100vw, 300px\" \/><\/a> <a href=\"http:\/\/iespasqualcalbo.cat\/blocs\/electricitat\/wp-content\/uploads\/sites\/6\/2017\/12\/portes-obertes-ele-2.jpg\"><img loading=\"lazy\" decoding=\"async\" class=\"aligncenter size-medium wp-image-599\" src=\"http:\/\/iespasqualcalbo.cat\/blocs\/electricitat\/wp-content\/uploads\/sites\/6\/2017\/12\/portes-obertes-ele-2-300x169.jpg\" alt=\"\" width=\"300\" height=\"169\" srcset=\"https:\/\/www.iespasqualcalbo.cat\/blocs\/electricitat\/wp-content\/uploads\/sites\/13\/2017\/12\/portes-obertes-ele-2-300x169.jpg 300w, https:\/\/www.iespasqualcalbo.cat\/blocs\/electricitat\/wp-content\/uploads\/sites\/13\/2017\/12\/portes-obertes-ele-2.jpg 448w\" sizes=\"(max-width: 300px) 100vw, 300px\" \/><\/a> <a href=\"http:\/\/iespasqualcalbo.cat\/blocs\/electricitat\/wp-content\/uploads\/sites\/6\/2017\/12\/portes-obertes-general-3.jpg\"><img loading=\"lazy\" decoding=\"async\" class=\"aligncenter size-medium wp-image-597\" src=\"http:\/\/iespasqualcalbo.cat\/blocs\/electricitat\/wp-content\/uploads\/sites\/6\/2017\/12\/portes-obertes-general-3-300x225.jpg\" alt=\"\" width=\"300\" height=\"225\" srcset=\"https:\/\/www.iespasqualcalbo.cat\/blocs\/electricitat\/wp-content\/uploads\/sites\/13\/2017\/12\/portes-obertes-general-3-300x225.jpg 300w, https:\/\/www.iespasqualcalbo.cat\/blocs\/electricitat\/wp-content\/uploads\/sites\/13\/2017\/12\/portes-obertes-general-3.jpg 448w\" sizes=\"(max-width: 300px) 100vw, 300px\" \/><\/a> <a href=\"http:\/\/iespasqualcalbo.cat\/blocs\/electricitat\/wp-content\/uploads\/sites\/6\/2017\/12\/portes-obertes-general-2.jpg\"><img loading=\"lazy\" decoding=\"async\" class=\"aligncenter size-medium wp-image-596\" src=\"http:\/\/iespasqualcalbo.cat\/blocs\/electricitat\/wp-content\/uploads\/sites\/6\/2017\/12\/portes-obertes-general-2-300x169.jpg\" alt=\"\" width=\"300\" height=\"169\" srcset=\"https:\/\/www.iespasqualcalbo.cat\/blocs\/electricitat\/wp-content\/uploads\/sites\/13\/2017\/12\/portes-obertes-general-2-300x169.jpg 300w, https:\/\/www.iespasqualcalbo.cat\/blocs\/electricitat\/wp-content\/uploads\/sites\/13\/2017\/12\/portes-obertes-general-2.jpg 448w\" sizes=\"(max-width: 300px) 100vw, 300px\" \/><\/a> <a href=\"http:\/\/iespasqualcalbo.cat\/blocs\/electricitat\/wp-content\/uploads\/sites\/6\/2017\/12\/portes-obertes-general-1.jpg\"><img loading=\"lazy\" decoding=\"async\" class=\"aligncenter size-medium wp-image-595\" src=\"http:\/\/iespasqualcalbo.cat\/blocs\/electricitat\/wp-content\/uploads\/sites\/6\/2017\/12\/portes-obertes-general-1-300x169.jpg\" alt=\"\" width=\"300\" height=\"169\" srcset=\"https:\/\/www.iespasqualcalbo.cat\/blocs\/electricitat\/wp-content\/uploads\/sites\/13\/2017\/12\/portes-obertes-general-1-300x169.jpg 300w, https:\/\/www.iespasqualcalbo.cat\/blocs\/electricitat\/wp-content\/uploads\/sites\/13\/2017\/12\/portes-obertes-general-1.jpg 448w\" sizes=\"(max-width: 300px) 100vw, 300px\" \/><\/a> <a href=\"http:\/\/iespasqualcalbo.cat\/blocs\/electricitat\/wp-content\/uploads\/sites\/6\/2017\/12\/portes-obertes-ele-5.jpg\"><img fetchpriority=\"high\" decoding=\"async\" class=\"aligncenter size-medium wp-image-593\" src=\"http:\/\/iespasqualcalbo.cat\/blocs\/electricitat\/wp-content\/uploads\/sites\/6\/2017\/12\/portes-obertes-ele-5-300x225.jpg\" alt=\"\" width=\"300\" height=\"225\" srcset=\"https:\/\/www.iespasqualcalbo.cat\/blocs\/electricitat\/wp-content\/uploads\/sites\/13\/2017\/12\/portes-obertes-ele-5-300x225.jpg 300w, https:\/\/www.iespasqualcalbo.cat\/blocs\/electricitat\/wp-content\/uploads\/sites\/13\/2017\/12\/portes-obertes-ele-5.jpg 448w\" sizes=\"(max-width: 300px) 100vw, 300px\" \/><\/a> <a href=\"http:\/\/iespasqualcalbo.cat\/blocs\/electricitat\/wp-content\/uploads\/sites\/6\/2017\/12\/portes-obertes-ele-6.jpg\"><img loading=\"lazy\" decoding=\"async\" class=\"aligncenter size-medium wp-image-594\" src=\"http:\/\/iespasqualcalbo.cat\/blocs\/electricitat\/wp-content\/uploads\/sites\/6\/2017\/12\/portes-obertes-ele-6-300x225.jpg\" alt=\"\" width=\"300\" height=\"225\" srcset=\"https:\/\/www.iespasqualcalbo.cat\/blocs\/electricitat\/wp-content\/uploads\/sites\/13\/2017\/12\/portes-obertes-ele-6-300x225.jpg 300w, https:\/\/www.iespasqualcalbo.cat\/blocs\/electricitat\/wp-content\/uploads\/sites\/13\/2017\/12\/portes-obertes-ele-6.jpg 448w\" sizes=\"(max-width: 300px) 100vw, 300px\" \/><\/a>\t\t<\/p>\n","protected":false},"excerpt":{"rendered":"<p>El passat dijous 14 de desembre a les 19 hores, participaren al voltant d\u2019unes setanta empreses i institucions en un acte de reconeixement organitzat per l\u2019Institut Pasqual Calb\u00f3 i Cald\u00e9s i la Direcci\u00f3 General de Formaci\u00f3 Professional i Formaci\u00f3 del Professorat que s\u2019emmarca dins del programa Portes Obertes a la Formaci\u00f3 Professional. A l\u2019acte es [&hellip;]<\/p>\n","protected":false},"author":2,"featured_media":0,"comment_status":"closed","ping_status":"closed","sticky":false,"template":"","format":"standard","meta":{"footnotes":""},"categories":[2],"tags":[],"class_list":["post-602","post","type-post","status-publish","format-standard","hentry","category-activitats-del-departament"],"_links":{"self":[{"href":"https:\/\/www.iespasqualcalbo.cat\/blocs\/electricitat\/wp-json\/wp\/v2\/posts\/602","targetHints":{"allow":["GET"]}}],"collection":[{"href":"https:\/\/www.iespasqualcalbo.cat\/blocs\/electricitat\/wp-json\/wp\/v2\/posts"}],"about":[{"href":"https:\/\/www.iespasqualcalbo.cat\/blocs\/electricitat\/wp-json\/wp\/v2\/types\/post"}],"author":[{"embeddable":true,"href":"https:\/\/www.iespasqualcalbo.cat\/blocs\/electricitat\/wp-json\/wp\/v2\/users\/2"}],"replies":[{"embeddable":true,"href":"https:\/\/www.iespasqualcalbo.cat\/blocs\/electricitat\/wp-json\/wp\/v2\/comments?post=602"}],"version-history":[{"count":0,"href":"https:\/\/www.iespasqualcalbo.cat\/blocs\/electricitat\/wp-json\/wp\/v2\/posts\/602\/revisions"}],"wp:attachment":[{"href":"https:\/\/www.iespasqualcalbo.cat\/blocs\/electricitat\/wp-json\/wp\/v2\/media?parent=602"}],"wp:term":[{"taxonomy":"category","embeddable":true,"href":"https:\/\/www.iespasqualcalbo.cat\/blocs\/electricitat\/wp-json\/wp\/v2\/categories?post=602"},{"taxonomy":"post_tag","embeddable":true,"href":"https:\/\/www.iespasqualcalbo.cat\/blocs\/electricitat\/wp-json\/wp\/v2\/tags?post=602"}],"curies":[{"name":"wp","href":"https:\/\/api.w.org\/{rel}","templated":true}]}}