{"id":495,"date":"2017-06-20T19:33:19","date_gmt":"2017-06-20T17:33:19","guid":{"rendered":"http:\/\/iespasqualcalbo.cat\/blocs\/electricitat\/?p=495"},"modified":"2017-06-20T19:33:19","modified_gmt":"2017-06-20T17:33:19","slug":"mapa-de-europa-en-temps-real-de-la-generacio-electrica","status":"publish","type":"post","link":"https:\/\/www.iespasqualcalbo.cat\/blocs\/electricitat\/2017\/06\/20\/mapa-de-europa-en-temps-real-de-la-generacio-electrica\/","title":{"rendered":"Mapa de Europa en temps real de la generaci\u00f3 el\u00e8ctrica"},"content":{"rendered":"<p>\t\t\t\tCada hora i en funci\u00f3 de les condicions meteorol\u00f2giques, cada pa\u00eds t\u00e9 una mescla de generaci\u00f3 el\u00e8ctrica diferent. Amb el seg\u00fcent mapa el\u00e8ctric virtual podem visualitzar la informaci\u00f3 en temps real de les emissions de Co2, la generaci\u00f3 el\u00e8ctrica de cada pa\u00eds.\u00a0<a href=\"https:\/\/www.electricitymap.org\/?wind=false&amp;solar=false&amp;page=map\">Mapa Europeu<\/a><\/p>\n<p><a href=\"https:\/\/www.electricitymap.org\/?wind=false&amp;solar=false&amp;page=map\"><img fetchpriority=\"high\" decoding=\"async\" class=\"aligncenter size-medium wp-image-497\" src=\"http:\/\/iespasqualcalbo.cat\/blocs\/electricitat\/wp-content\/uploads\/sites\/6\/2017\/06\/produccio-europa-300x174.jpg\" alt=\"\" width=\"300\" height=\"174\" srcset=\"https:\/\/www.iespasqualcalbo.cat\/blocs\/electricitat\/wp-content\/uploads\/sites\/13\/2017\/06\/produccio-europa-300x174.jpg 300w, https:\/\/www.iespasqualcalbo.cat\/blocs\/electricitat\/wp-content\/uploads\/sites\/13\/2017\/06\/produccio-europa.jpg 448w\" sizes=\"(max-width: 300px) 100vw, 300px\" \/><\/a><\/p>\n<p>&nbsp;\t\t<\/p>\n","protected":false},"excerpt":{"rendered":"<p>Cada hora i en funci\u00f3 de les condicions meteorol\u00f2giques, cada pa\u00eds t\u00e9 una mescla de generaci\u00f3 el\u00e8ctrica diferent. Amb el seg\u00fcent mapa el\u00e8ctric virtual podem visualitzar la informaci\u00f3 en temps real de les emissions de Co2, la generaci\u00f3 el\u00e8ctrica de cada pa\u00eds.\u00a0Mapa Europeu &nbsp;<\/p>\n","protected":false},"author":2,"featured_media":0,"comment_status":"closed","ping_status":"closed","sticky":false,"template":"","format":"standard","meta":{"footnotes":""},"categories":[4],"tags":[],"class_list":["post-495","post","type-post","status-publish","format-standard","hentry","category-noticies-del-sector"],"_links":{"self":[{"href":"https:\/\/www.iespasqualcalbo.cat\/blocs\/electricitat\/wp-json\/wp\/v2\/posts\/495","targetHints":{"allow":["GET"]}}],"collection":[{"href":"https:\/\/www.iespasqualcalbo.cat\/blocs\/electricitat\/wp-json\/wp\/v2\/posts"}],"about":[{"href":"https:\/\/www.iespasqualcalbo.cat\/blocs\/electricitat\/wp-json\/wp\/v2\/types\/post"}],"author":[{"embeddable":true,"href":"https:\/\/www.iespasqualcalbo.cat\/blocs\/electricitat\/wp-json\/wp\/v2\/users\/2"}],"replies":[{"embeddable":true,"href":"https:\/\/www.iespasqualcalbo.cat\/blocs\/electricitat\/wp-json\/wp\/v2\/comments?post=495"}],"version-history":[{"count":0,"href":"https:\/\/www.iespasqualcalbo.cat\/blocs\/electricitat\/wp-json\/wp\/v2\/posts\/495\/revisions"}],"wp:attachment":[{"href":"https:\/\/www.iespasqualcalbo.cat\/blocs\/electricitat\/wp-json\/wp\/v2\/media?parent=495"}],"wp:term":[{"taxonomy":"category","embeddable":true,"href":"https:\/\/www.iespasqualcalbo.cat\/blocs\/electricitat\/wp-json\/wp\/v2\/categories?post=495"},{"taxonomy":"post_tag","embeddable":true,"href":"https:\/\/www.iespasqualcalbo.cat\/blocs\/electricitat\/wp-json\/wp\/v2\/tags?post=495"}],"curies":[{"name":"wp","href":"https:\/\/api.w.org\/{rel}","templated":true}]}}