{"id":397,"date":"2017-04-27T00:56:52","date_gmt":"2017-04-26T22:56:52","guid":{"rendered":"http:\/\/iespasqualcalbo.cat\/blocs\/electricitat\/?p=397"},"modified":"2017-04-27T00:56:52","modified_gmt":"2017-04-26T22:56:52","slug":"visita-als-nostres-tallers-pels-alumnes-de-4t-eso","status":"publish","type":"post","link":"https:\/\/www.iespasqualcalbo.cat\/blocs\/electricitat\/2017\/04\/27\/visita-als-nostres-tallers-pels-alumnes-de-4t-eso\/","title":{"rendered":"Visita als nostres tallers dels alumnes de 4t ESO"},"content":{"rendered":"<p>\t\t\t\tEls alumnes que cursen 4t d&#8217;ESO del nostre Centre el dia 11\/4\/17 ens varen visitar. Els alumnes de FP B\u00e0sica i GM els explicaran\u00a0de primera m\u00e0 les pr\u00e0ctiques i feines que fan als diferents m\u00f2duls que formen els Cicles.<\/p>\n<p>Agrair als alumnes que col\u00b7laboraren en l&#8217;organitzaci\u00f3 i en el desenvolupament de les visites. Enhorabona a tots!!<\/p>\n<p><a href=\"http:\/\/iespasqualcalbo.cat\/blocs\/electricitat\/wp-content\/uploads\/sites\/6\/2017\/04\/visites-4t-eso-2-11-4-17.jpg\"><img fetchpriority=\"high\" decoding=\"async\" class=\"aligncenter size-medium wp-image-399\" src=\"http:\/\/iespasqualcalbo.cat\/blocs\/electricitat\/wp-content\/uploads\/sites\/6\/2017\/04\/visites-4t-eso-2-11-4-17-300x225.jpg\" alt=\"\" width=\"300\" height=\"225\" srcset=\"https:\/\/www.iespasqualcalbo.cat\/blocs\/electricitat\/wp-content\/uploads\/sites\/13\/2017\/04\/visites-4t-eso-2-11-4-17-300x225.jpg 300w, https:\/\/www.iespasqualcalbo.cat\/blocs\/electricitat\/wp-content\/uploads\/sites\/13\/2017\/04\/visites-4t-eso-2-11-4-17.jpg 448w\" sizes=\"(max-width: 300px) 100vw, 300px\" \/><\/a><\/p>\n<p><!--more--> <a href=\"http:\/\/iespasqualcalbo.cat\/blocs\/electricitat\/wp-content\/uploads\/sites\/6\/2017\/04\/visites-4t-eso-4-11-4-17.jpg\"><img decoding=\"async\" class=\"aligncenter size-medium wp-image-401\" src=\"http:\/\/iespasqualcalbo.cat\/blocs\/electricitat\/wp-content\/uploads\/sites\/6\/2017\/04\/visites-4t-eso-4-11-4-17-300x225.jpg\" alt=\"\" width=\"300\" height=\"225\" srcset=\"https:\/\/www.iespasqualcalbo.cat\/blocs\/electricitat\/wp-content\/uploads\/sites\/13\/2017\/04\/visites-4t-eso-4-11-4-17-300x225.jpg 300w, https:\/\/www.iespasqualcalbo.cat\/blocs\/electricitat\/wp-content\/uploads\/sites\/13\/2017\/04\/visites-4t-eso-4-11-4-17.jpg 448w\" sizes=\"(max-width: 300px) 100vw, 300px\" \/><\/a> <a href=\"http:\/\/iespasqualcalbo.cat\/blocs\/electricitat\/wp-content\/uploads\/sites\/6\/2017\/04\/visites-4t-eso-3-11-4-17.jpg\"><img decoding=\"async\" class=\"aligncenter size-medium wp-image-400\" src=\"http:\/\/iespasqualcalbo.cat\/blocs\/electricitat\/wp-content\/uploads\/sites\/6\/2017\/04\/visites-4t-eso-3-11-4-17-300x225.jpg\" alt=\"\" width=\"300\" height=\"225\" srcset=\"https:\/\/www.iespasqualcalbo.cat\/blocs\/electricitat\/wp-content\/uploads\/sites\/13\/2017\/04\/visites-4t-eso-3-11-4-17-300x225.jpg 300w, https:\/\/www.iespasqualcalbo.cat\/blocs\/electricitat\/wp-content\/uploads\/sites\/13\/2017\/04\/visites-4t-eso-3-11-4-17.jpg 448w\" sizes=\"(max-width: 300px) 100vw, 300px\" \/><\/a> <a href=\"http:\/\/iespasqualcalbo.cat\/blocs\/electricitat\/wp-content\/uploads\/sites\/6\/2017\/04\/visites-4t-eso-1-11-4-17.jpg\"><img loading=\"lazy\" decoding=\"async\" class=\"aligncenter size-medium wp-image-402\" src=\"http:\/\/iespasqualcalbo.cat\/blocs\/electricitat\/wp-content\/uploads\/sites\/6\/2017\/04\/visites-4t-eso-1-11-4-17-300x225.jpg\" alt=\"\" width=\"300\" height=\"225\" srcset=\"https:\/\/www.iespasqualcalbo.cat\/blocs\/electricitat\/wp-content\/uploads\/sites\/13\/2017\/04\/visites-4t-eso-1-11-4-17-300x225.jpg 300w, https:\/\/www.iespasqualcalbo.cat\/blocs\/electricitat\/wp-content\/uploads\/sites\/13\/2017\/04\/visites-4t-eso-1-11-4-17.jpg 448w\" sizes=\"(max-width: 300px) 100vw, 300px\" \/><\/a>\t\t<\/p>\n","protected":false},"excerpt":{"rendered":"<p>Els alumnes que cursen 4t d&#8217;ESO del nostre Centre el dia 11\/4\/17 ens varen visitar. Els alumnes de FP B\u00e0sica i GM els explicaran\u00a0de primera m\u00e0 les pr\u00e0ctiques i feines que fan als diferents m\u00f2duls que formen els Cicles. Agrair als alumnes que col\u00b7laboraren en l&#8217;organitzaci\u00f3 i en el desenvolupament de les visites. Enhorabona a [&hellip;]<\/p>\n","protected":false},"author":2,"featured_media":0,"comment_status":"closed","ping_status":"closed","sticky":false,"template":"","format":"standard","meta":{"footnotes":""},"categories":[2],"tags":[],"class_list":["post-397","post","type-post","status-publish","format-standard","hentry","category-activitats-del-departament"],"_links":{"self":[{"href":"https:\/\/www.iespasqualcalbo.cat\/blocs\/electricitat\/wp-json\/wp\/v2\/posts\/397","targetHints":{"allow":["GET"]}}],"collection":[{"href":"https:\/\/www.iespasqualcalbo.cat\/blocs\/electricitat\/wp-json\/wp\/v2\/posts"}],"about":[{"href":"https:\/\/www.iespasqualcalbo.cat\/blocs\/electricitat\/wp-json\/wp\/v2\/types\/post"}],"author":[{"embeddable":true,"href":"https:\/\/www.iespasqualcalbo.cat\/blocs\/electricitat\/wp-json\/wp\/v2\/users\/2"}],"replies":[{"embeddable":true,"href":"https:\/\/www.iespasqualcalbo.cat\/blocs\/electricitat\/wp-json\/wp\/v2\/comments?post=397"}],"version-history":[{"count":0,"href":"https:\/\/www.iespasqualcalbo.cat\/blocs\/electricitat\/wp-json\/wp\/v2\/posts\/397\/revisions"}],"wp:attachment":[{"href":"https:\/\/www.iespasqualcalbo.cat\/blocs\/electricitat\/wp-json\/wp\/v2\/media?parent=397"}],"wp:term":[{"taxonomy":"category","embeddable":true,"href":"https:\/\/www.iespasqualcalbo.cat\/blocs\/electricitat\/wp-json\/wp\/v2\/categories?post=397"},{"taxonomy":"post_tag","embeddable":true,"href":"https:\/\/www.iespasqualcalbo.cat\/blocs\/electricitat\/wp-json\/wp\/v2\/tags?post=397"}],"curies":[{"name":"wp","href":"https:\/\/api.w.org\/{rel}","templated":true}]}}