{"id":392,"date":"2017-04-28T00:45:12","date_gmt":"2017-04-27T22:45:12","guid":{"rendered":"http:\/\/iespasqualcalbo.cat\/blocs\/electricitat\/?p=392"},"modified":"2017-04-28T00:45:12","modified_gmt":"2017-04-27T22:45:12","slug":"dinar-membres-del-departament","status":"publish","type":"post","link":"https:\/\/www.iespasqualcalbo.cat\/blocs\/electricitat\/2017\/04\/28\/dinar-membres-del-departament\/","title":{"rendered":"Dinar membres del Departament 12 d&#8217;abril 2017"},"content":{"rendered":"<p>\t\t\t\tAbans de les vacances de Setmana Santa alguns membres del Departament v\u00e0rem anar a dinar al restaurant La Baia situat a Cala Biniancolla. Els darrers anys \u00e9s un cl\u00e0ssic quan comen\u00e7a a fer bon temps.<\/p>\n<p><a href=\"http:\/\/iespasqualcalbo.cat\/blocs\/electricitat\/wp-content\/uploads\/sites\/6\/2017\/04\/dinar-departament-12-4-17.jpg\"><img fetchpriority=\"high\" decoding=\"async\" class=\"aligncenter size-medium wp-image-394\" src=\"http:\/\/iespasqualcalbo.cat\/blocs\/electricitat\/wp-content\/uploads\/sites\/6\/2017\/04\/dinar-departament-12-4-17-225x300.jpg\" alt=\"\" width=\"225\" height=\"300\" srcset=\"https:\/\/www.iespasqualcalbo.cat\/blocs\/electricitat\/wp-content\/uploads\/sites\/13\/2017\/04\/dinar-departament-12-4-17-225x300.jpg 225w, https:\/\/www.iespasqualcalbo.cat\/blocs\/electricitat\/wp-content\/uploads\/sites\/13\/2017\/04\/dinar-departament-12-4-17.jpg 336w\" sizes=\"(max-width: 225px) 100vw, 225px\" \/><\/a>\t\t<\/p>\n","protected":false},"excerpt":{"rendered":"<p>Abans de les vacances de Setmana Santa alguns membres del Departament v\u00e0rem anar a dinar al restaurant La Baia situat a Cala Biniancolla. Els darrers anys \u00e9s un cl\u00e0ssic quan comen\u00e7a a fer bon temps.<\/p>\n","protected":false},"author":2,"featured_media":0,"comment_status":"closed","ping_status":"closed","sticky":false,"template":"","format":"standard","meta":{"footnotes":""},"categories":[2],"tags":[],"class_list":["post-392","post","type-post","status-publish","format-standard","hentry","category-activitats-del-departament"],"_links":{"self":[{"href":"https:\/\/www.iespasqualcalbo.cat\/blocs\/electricitat\/wp-json\/wp\/v2\/posts\/392","targetHints":{"allow":["GET"]}}],"collection":[{"href":"https:\/\/www.iespasqualcalbo.cat\/blocs\/electricitat\/wp-json\/wp\/v2\/posts"}],"about":[{"href":"https:\/\/www.iespasqualcalbo.cat\/blocs\/electricitat\/wp-json\/wp\/v2\/types\/post"}],"author":[{"embeddable":true,"href":"https:\/\/www.iespasqualcalbo.cat\/blocs\/electricitat\/wp-json\/wp\/v2\/users\/2"}],"replies":[{"embeddable":true,"href":"https:\/\/www.iespasqualcalbo.cat\/blocs\/electricitat\/wp-json\/wp\/v2\/comments?post=392"}],"version-history":[{"count":0,"href":"https:\/\/www.iespasqualcalbo.cat\/blocs\/electricitat\/wp-json\/wp\/v2\/posts\/392\/revisions"}],"wp:attachment":[{"href":"https:\/\/www.iespasqualcalbo.cat\/blocs\/electricitat\/wp-json\/wp\/v2\/media?parent=392"}],"wp:term":[{"taxonomy":"category","embeddable":true,"href":"https:\/\/www.iespasqualcalbo.cat\/blocs\/electricitat\/wp-json\/wp\/v2\/categories?post=392"},{"taxonomy":"post_tag","embeddable":true,"href":"https:\/\/www.iespasqualcalbo.cat\/blocs\/electricitat\/wp-json\/wp\/v2\/tags?post=392"}],"curies":[{"name":"wp","href":"https:\/\/api.w.org\/{rel}","templated":true}]}}