{"id":389,"date":"2017-04-28T00:32:46","date_gmt":"2017-04-27T22:32:46","guid":{"rendered":"http:\/\/iespasqualcalbo.cat\/blocs\/electricitat\/?p=389"},"modified":"2017-04-28T00:32:46","modified_gmt":"2017-04-27T22:32:46","slug":"butlleti-mensual-red-electrica-espana-2","status":"publish","type":"post","link":"https:\/\/www.iespasqualcalbo.cat\/blocs\/electricitat\/2017\/04\/28\/butlleti-mensual-red-electrica-espana-2\/","title":{"rendered":"Butllet\u00ed Mensual Red El\u00e9ctrica Espa\u00f1a"},"content":{"rendered":"<p>\t\t\t\tResum del\u00a0<a href=\"http:\/\/iespasqualcalbo.cat\/blocs\/electricitat\/wp-content\/uploads\/sites\/6\/2017\/04\/ree_marzo_2017.pdf\">Butllet\u00ed mensual<\/a>\u00a0de REE de consum i producci\u00f3 de les Illes Balears. Informaci\u00f3 interessant per con\u00e8ixer les tecnologies de producci\u00f3. Tant d&#8217;energies no renovables com renovables. Podeu consultar\u00a0l&#8217;<a href=\"http:\/\/www.ree.es\/sites\/default\/wp-content\/uploads\/sites\/6\/11_PUBLICACIONES\/Documentos\/ree_marzo_2017.pdf\">informe complert<\/a><\/p>\n<p><a href=\"http:\/\/iespasqualcalbo.cat\/blocs\/electricitat\/wp-content\/uploads\/sites\/6\/2017\/04\/ree-mar\u00e7.jpg\"><img decoding=\"async\" class=\"aligncenter size-medium wp-image-387\" src=\"http:\/\/iespasqualcalbo.cat\/blocs\/electricitat\/wp-content\/uploads\/sites\/6\/2017\/04\/ree-mar\u00e7-300x109.jpg\" alt=\"\" width=\"300\" height=\"109\" srcset=\"https:\/\/www.iespasqualcalbo.cat\/blocs\/electricitat\/wp-content\/uploads\/sites\/13\/2017\/04\/ree-mar\u00e7-300x109.jpg 300w, https:\/\/www.iespasqualcalbo.cat\/blocs\/electricitat\/wp-content\/uploads\/sites\/13\/2017\/04\/ree-mar\u00e7.jpg 448w\" sizes=\"(max-width: 300px) 100vw, 300px\" \/><\/a>\t\t<\/p>\n","protected":false},"excerpt":{"rendered":"<p>Resum del\u00a0Butllet\u00ed mensual\u00a0de REE de consum i producci\u00f3 de les Illes Balears. Informaci\u00f3 interessant per con\u00e8ixer les tecnologies de producci\u00f3. Tant d&#8217;energies no renovables com renovables. Podeu consultar\u00a0l&#8217;informe complert<\/p>\n","protected":false},"author":2,"featured_media":0,"comment_status":"closed","ping_status":"closed","sticky":false,"template":"","format":"standard","meta":{"footnotes":""},"categories":[4],"tags":[],"class_list":["post-389","post","type-post","status-publish","format-standard","hentry","category-noticies-del-sector"],"_links":{"self":[{"href":"https:\/\/www.iespasqualcalbo.cat\/blocs\/electricitat\/wp-json\/wp\/v2\/posts\/389","targetHints":{"allow":["GET"]}}],"collection":[{"href":"https:\/\/www.iespasqualcalbo.cat\/blocs\/electricitat\/wp-json\/wp\/v2\/posts"}],"about":[{"href":"https:\/\/www.iespasqualcalbo.cat\/blocs\/electricitat\/wp-json\/wp\/v2\/types\/post"}],"author":[{"embeddable":true,"href":"https:\/\/www.iespasqualcalbo.cat\/blocs\/electricitat\/wp-json\/wp\/v2\/users\/2"}],"replies":[{"embeddable":true,"href":"https:\/\/www.iespasqualcalbo.cat\/blocs\/electricitat\/wp-json\/wp\/v2\/comments?post=389"}],"version-history":[{"count":0,"href":"https:\/\/www.iespasqualcalbo.cat\/blocs\/electricitat\/wp-json\/wp\/v2\/posts\/389\/revisions"}],"wp:attachment":[{"href":"https:\/\/www.iespasqualcalbo.cat\/blocs\/electricitat\/wp-json\/wp\/v2\/media?parent=389"}],"wp:term":[{"taxonomy":"category","embeddable":true,"href":"https:\/\/www.iespasqualcalbo.cat\/blocs\/electricitat\/wp-json\/wp\/v2\/categories?post=389"},{"taxonomy":"post_tag","embeddable":true,"href":"https:\/\/www.iespasqualcalbo.cat\/blocs\/electricitat\/wp-json\/wp\/v2\/tags?post=389"}],"curies":[{"name":"wp","href":"https:\/\/api.w.org\/{rel}","templated":true}]}}