{"id":380,"date":"2017-04-07T00:41:24","date_gmt":"2017-04-06T22:41:24","guid":{"rendered":"http:\/\/iespasqualcalbo.cat\/blocs\/electricitat\/?p=380"},"modified":"2017-04-07T00:41:24","modified_gmt":"2017-04-06T22:41:24","slug":"la-importancia-que-les-fiets-aprenguin-a-programar","status":"publish","type":"post","link":"https:\/\/www.iespasqualcalbo.cat\/blocs\/electricitat\/2017\/04\/07\/la-importancia-que-les-fiets-aprenguin-a-programar\/","title":{"rendered":"La import\u00e0ncia que els fiets aprenguin a programar"},"content":{"rendered":"<p>\t\t\t\tLa programaci\u00f3 \u00e9s la gran eina del present i ho seguir\u00e0 sent en el futur. Mols experts s\u00f3n de l&#8217;opini\u00f3 que la programaci\u00f3 ser\u00e0 &#8220;l&#8217;angl\u00e8s del segle XXI&#8221;, en refer\u00e8ncia a la transcend\u00e8ncia professional que tindr\u00e0 aquesta habilitat en menys temps del que es pensa. <a href=\"http:\/\/retina.elpais.com\/retina\/2017\/04\/03\/innovacion\/1491214964_542941.html\" target=\"_blank\" rel=\"noopener noreferrer\">M\u00e9s informaci\u00f3<\/a><\/p>\n<p><a href=\"http:\/\/iespasqualcalbo.cat\/blocs\/electricitat\/wp-content\/uploads\/sites\/6\/2017\/04\/arduino-fiets.jpg\"><img fetchpriority=\"high\" decoding=\"async\" class=\"aligncenter size-medium wp-image-382\" src=\"http:\/\/iespasqualcalbo.cat\/blocs\/electricitat\/wp-content\/uploads\/sites\/6\/2017\/04\/arduino-fiets-300x199.jpg\" alt=\"\" width=\"300\" height=\"199\" srcset=\"https:\/\/www.iespasqualcalbo.cat\/blocs\/electricitat\/wp-content\/uploads\/sites\/13\/2017\/04\/arduino-fiets-300x199.jpg 300w, https:\/\/www.iespasqualcalbo.cat\/blocs\/electricitat\/wp-content\/uploads\/sites\/13\/2017\/04\/arduino-fiets.jpg 640w\" sizes=\"(max-width: 300px) 100vw, 300px\" \/><\/a>\t\t<\/p>\n","protected":false},"excerpt":{"rendered":"<p>La programaci\u00f3 \u00e9s la gran eina del present i ho seguir\u00e0 sent en el futur. Mols experts s\u00f3n de l&#8217;opini\u00f3 que la programaci\u00f3 ser\u00e0 &#8220;l&#8217;angl\u00e8s del segle XXI&#8221;, en refer\u00e8ncia a la transcend\u00e8ncia professional que tindr\u00e0 aquesta habilitat en menys temps del que es pensa. M\u00e9s informaci\u00f3<\/p>\n","protected":false},"author":2,"featured_media":0,"comment_status":"closed","ping_status":"closed","sticky":false,"template":"","format":"standard","meta":{"footnotes":""},"categories":[4],"tags":[],"class_list":["post-380","post","type-post","status-publish","format-standard","hentry","category-noticies-del-sector"],"_links":{"self":[{"href":"https:\/\/www.iespasqualcalbo.cat\/blocs\/electricitat\/wp-json\/wp\/v2\/posts\/380","targetHints":{"allow":["GET"]}}],"collection":[{"href":"https:\/\/www.iespasqualcalbo.cat\/blocs\/electricitat\/wp-json\/wp\/v2\/posts"}],"about":[{"href":"https:\/\/www.iespasqualcalbo.cat\/blocs\/electricitat\/wp-json\/wp\/v2\/types\/post"}],"author":[{"embeddable":true,"href":"https:\/\/www.iespasqualcalbo.cat\/blocs\/electricitat\/wp-json\/wp\/v2\/users\/2"}],"replies":[{"embeddable":true,"href":"https:\/\/www.iespasqualcalbo.cat\/blocs\/electricitat\/wp-json\/wp\/v2\/comments?post=380"}],"version-history":[{"count":0,"href":"https:\/\/www.iespasqualcalbo.cat\/blocs\/electricitat\/wp-json\/wp\/v2\/posts\/380\/revisions"}],"wp:attachment":[{"href":"https:\/\/www.iespasqualcalbo.cat\/blocs\/electricitat\/wp-json\/wp\/v2\/media?parent=380"}],"wp:term":[{"taxonomy":"category","embeddable":true,"href":"https:\/\/www.iespasqualcalbo.cat\/blocs\/electricitat\/wp-json\/wp\/v2\/categories?post=380"},{"taxonomy":"post_tag","embeddable":true,"href":"https:\/\/www.iespasqualcalbo.cat\/blocs\/electricitat\/wp-json\/wp\/v2\/tags?post=380"}],"curies":[{"name":"wp","href":"https:\/\/api.w.org\/{rel}","templated":true}]}}