{"id":155,"date":"2017-02-23T18:51:06","date_gmt":"2017-02-23T16:51:06","guid":{"rendered":"http:\/\/iespasqualcalbo.cat\/blocs\/electricitat\/?p=155"},"modified":"2017-02-23T18:51:06","modified_gmt":"2017-02-23T16:51:06","slug":"nova-norma-recarrega-vehicle-electric","status":"publish","type":"post","link":"https:\/\/www.iespasqualcalbo.cat\/blocs\/electricitat\/2017\/02\/23\/nova-norma-recarrega-vehicle-electric\/","title":{"rendered":"Nova norma rec\u00e0rrega vehicle el\u00e8ctric"},"content":{"rendered":"<p>\t\t\t\t<a title=\"Ir a AFME\" href=\"http:\/\/material-electrico.cdecomunicacion.es\/tags\/afme\" target=\"_blank\" rel=\"noopener noreferrer\"><strong>AFME<\/strong><\/a> (Asociaci\u00f3n de Fabricantes de Material El\u00e9ctrico) ha liderat el grup de treball que ha elaborat un nou document normatiu que regula els requisits m\u00ednims de seguretat i funcionament dels Sistemes de Protecci\u00f3 de la l\u00ednia d&#8217;alimentaci\u00f3 per a instal\u00b7lacions de rec\u00e0rrega del vehicle el\u00e8ctric. <a href=\"http:\/\/material-electrico.cdecomunicacion.es\/noticias\/sectoriales\/20581\/nueva-norma-sobre-sistemas-de-proteccion-de-la-alimentacion-para-instalaciones-de-recarga-de-vehiculo-electrico?utm_source=CIRCUTOR&amp;utm_campaign=7af232e139-News_2017_02_SP&amp;utm_medium=email&amp;utm_term=0_f2cce6fe88-7af232e139-201256245\" target=\"_blank\" rel=\"noopener noreferrer\">M\u00e9s informaci\u00f3<\/a><\/p>\n<div class=\"ew-image\">\n<div class=\"item-image\"><img fetchpriority=\"high\" decoding=\"async\" class=\"\" src=\"http:\/\/material-electrico.cdecomunicacion.es\/media\/articles\/20581\/1486464101-afme--proteccion-alimentacion-recarga-ve-1-large-nocrop.jpg\" alt=\"Foto cortes\u00eda de Circutor.\" width=\"483\" height=\"250\" \/><\/div>\n<\/div>\n","protected":false},"excerpt":{"rendered":"<p>AFME (Asociaci\u00f3n de Fabricantes de Material El\u00e9ctrico) ha liderat el grup de treball que ha elaborat un nou document normatiu que regula els requisits m\u00ednims de seguretat i funcionament dels Sistemes de Protecci\u00f3 de la l\u00ednia d&#8217;alimentaci\u00f3 per a instal\u00b7lacions de rec\u00e0rrega del vehicle el\u00e8ctric. M\u00e9s informaci\u00f3<\/p>\n","protected":false},"author":1,"featured_media":0,"comment_status":"closed","ping_status":"closed","sticky":false,"template":"","format":"standard","meta":{"footnotes":""},"categories":[4],"tags":[],"class_list":["post-155","post","type-post","status-publish","format-standard","hentry","category-noticies-del-sector"],"_links":{"self":[{"href":"https:\/\/www.iespasqualcalbo.cat\/blocs\/electricitat\/wp-json\/wp\/v2\/posts\/155","targetHints":{"allow":["GET"]}}],"collection":[{"href":"https:\/\/www.iespasqualcalbo.cat\/blocs\/electricitat\/wp-json\/wp\/v2\/posts"}],"about":[{"href":"https:\/\/www.iespasqualcalbo.cat\/blocs\/electricitat\/wp-json\/wp\/v2\/types\/post"}],"author":[{"embeddable":true,"href":"https:\/\/www.iespasqualcalbo.cat\/blocs\/electricitat\/wp-json\/wp\/v2\/users\/1"}],"replies":[{"embeddable":true,"href":"https:\/\/www.iespasqualcalbo.cat\/blocs\/electricitat\/wp-json\/wp\/v2\/comments?post=155"}],"version-history":[{"count":0,"href":"https:\/\/www.iespasqualcalbo.cat\/blocs\/electricitat\/wp-json\/wp\/v2\/posts\/155\/revisions"}],"wp:attachment":[{"href":"https:\/\/www.iespasqualcalbo.cat\/blocs\/electricitat\/wp-json\/wp\/v2\/media?parent=155"}],"wp:term":[{"taxonomy":"category","embeddable":true,"href":"https:\/\/www.iespasqualcalbo.cat\/blocs\/electricitat\/wp-json\/wp\/v2\/categories?post=155"},{"taxonomy":"post_tag","embeddable":true,"href":"https:\/\/www.iespasqualcalbo.cat\/blocs\/electricitat\/wp-json\/wp\/v2\/tags?post=155"}],"curies":[{"name":"wp","href":"https:\/\/api.w.org\/{rel}","templated":true}]}}