{"id":1275,"date":"2019-12-07T20:23:23","date_gmt":"2019-12-07T18:23:23","guid":{"rendered":"http:\/\/www.iespasqualcalbo.cat\/blocs\/electricitat\/?p=1275"},"modified":"2019-12-07T20:23:23","modified_gmt":"2019-12-07T18:23:23","slug":"viatge-a-rendsburg-alemanya-per-coneixer-lfp-dual","status":"publish","type":"post","link":"https:\/\/www.iespasqualcalbo.cat\/blocs\/electricitat\/2019\/12\/07\/viatge-a-rendsburg-alemanya-per-coneixer-lfp-dual\/","title":{"rendered":"Viatge a Rendsburg (Alemanya) per con\u00e8ixer l&#8217;FP Dual"},"content":{"rendered":"\n<p>La Conselleria d\u2019Educaci\u00f3, Universitat i Recerca, mitjan\u00e7ant la Direcci\u00f3 General de Formaci\u00f3 Professional i d\u2019Ensenyaments Art\u00edstics Superiors, va viatjar Rendsburg, a Alemanya,\u00a0 amb quasi un centenar d\u2019alumnes \u00a0i una quinzena de professors de Formaci\u00f3 Professional de totes les Illes Balears amb l\u2019objectiu de promoure la Formaci\u00f3 Professional Dual entre els estudiants.<\/p>\n\n\n\n<div class=\"wp-block-image\"><figure class=\"aligncenter\"><img fetchpriority=\"high\" decoding=\"async\" width=\"448\" height=\"336\" src=\"https:\/\/www.iespasqualcalbo.cat\/blocs\/electricitat\/wp-content\/uploads\/sites\/13\/2019\/12\/fp-dual-1.jpg\" alt=\"\" class=\"wp-image-1280\" srcset=\"https:\/\/www.iespasqualcalbo.cat\/blocs\/electricitat\/wp-content\/uploads\/sites\/13\/2019\/12\/fp-dual-1.jpg 448w, https:\/\/www.iespasqualcalbo.cat\/blocs\/electricitat\/wp-content\/uploads\/sites\/13\/2019\/12\/fp-dual-1-300x225.jpg 300w\" sizes=\"(max-width: 448px) 100vw, 448px\" \/><\/figure><\/div>\n\n\n\n<!--more-->\n\n\n\n<p>Aquesta mobilitat va ser possible gr\u00e0cies a l\u2019esfor\u00e7 i la col\u00b7laboraci\u00f3 dels 8 centres integrats de Formaci\u00f3 Professional de les Illes Balears, que varen ser els encarregats de seleccionar els 97 alumnes d\u2019entre 16 i 23 anys, que actualment cursen segon de formaci\u00f3 professional b\u00e0sica o cicles formatis de grau mitj\u00e0 de quasi totes les fam\u00edlies professionals amb oferta a les Illes.<\/p>\n\n\n\n<p>Del nostre Centre varen participat 6 alumnes de Fabricaci\u00f3 Mec\u00e0nica i d&#8217;Electricitat que en tornar de la visita explicaran als cumpanys el que varen veure i la seva experi\u00e8ncia. <\/p>\n\n\n\n<ul class=\"wp-block-gallery columns-3 is-cropped wp-block-gallery-1 is-layout-flex wp-block-gallery-is-layout-flex\"><li class=\"blocks-gallery-item\"><figure><img decoding=\"async\" width=\"448\" height=\"336\" src=\"https:\/\/www.iespasqualcalbo.cat\/blocs\/electricitat\/wp-content\/uploads\/sites\/13\/2019\/12\/fp-dual-1.jpg\" alt=\"\" data-id=\"1280\" data-link=\"https:\/\/www.iespasqualcalbo.cat\/blocs\/electricitat\/?attachment_id=1280\" class=\"wp-image-1280\" srcset=\"https:\/\/www.iespasqualcalbo.cat\/blocs\/electricitat\/wp-content\/uploads\/sites\/13\/2019\/12\/fp-dual-1.jpg 448w, https:\/\/www.iespasqualcalbo.cat\/blocs\/electricitat\/wp-content\/uploads\/sites\/13\/2019\/12\/fp-dual-1-300x225.jpg 300w\" sizes=\"(max-width: 448px) 100vw, 448px\" \/><\/figure><\/li><li class=\"blocks-gallery-item\"><figure><img decoding=\"async\" width=\"448\" height=\"252\" src=\"https:\/\/www.iespasqualcalbo.cat\/blocs\/electricitat\/wp-content\/uploads\/sites\/13\/2019\/12\/fp-dual-5.jpg\" alt=\"\" data-id=\"1279\" data-link=\"https:\/\/www.iespasqualcalbo.cat\/blocs\/electricitat\/?attachment_id=1279\" class=\"wp-image-1279\" srcset=\"https:\/\/www.iespasqualcalbo.cat\/blocs\/electricitat\/wp-content\/uploads\/sites\/13\/2019\/12\/fp-dual-5.jpg 448w, https:\/\/www.iespasqualcalbo.cat\/blocs\/electricitat\/wp-content\/uploads\/sites\/13\/2019\/12\/fp-dual-5-300x169.jpg 300w\" sizes=\"(max-width: 448px) 100vw, 448px\" \/><\/figure><\/li><li class=\"blocks-gallery-item\"><figure><img loading=\"lazy\" decoding=\"async\" width=\"448\" height=\"336\" src=\"https:\/\/www.iespasqualcalbo.cat\/blocs\/electricitat\/wp-content\/uploads\/sites\/13\/2019\/12\/fp-dual-4.jpg\" alt=\"\" data-id=\"1278\" data-link=\"https:\/\/www.iespasqualcalbo.cat\/blocs\/electricitat\/?attachment_id=1278\" class=\"wp-image-1278\" srcset=\"https:\/\/www.iespasqualcalbo.cat\/blocs\/electricitat\/wp-content\/uploads\/sites\/13\/2019\/12\/fp-dual-4.jpg 448w, https:\/\/www.iespasqualcalbo.cat\/blocs\/electricitat\/wp-content\/uploads\/sites\/13\/2019\/12\/fp-dual-4-300x225.jpg 300w\" sizes=\"(max-width: 448px) 100vw, 448px\" \/><\/figure><\/li><li class=\"blocks-gallery-item\"><figure><img loading=\"lazy\" decoding=\"async\" width=\"448\" height=\"336\" src=\"https:\/\/www.iespasqualcalbo.cat\/blocs\/electricitat\/wp-content\/uploads\/sites\/13\/2019\/12\/fp-dual-3.jpg\" alt=\"\" data-id=\"1277\" data-link=\"https:\/\/www.iespasqualcalbo.cat\/blocs\/electricitat\/?attachment_id=1277\" class=\"wp-image-1277\" srcset=\"https:\/\/www.iespasqualcalbo.cat\/blocs\/electricitat\/wp-content\/uploads\/sites\/13\/2019\/12\/fp-dual-3.jpg 448w, https:\/\/www.iespasqualcalbo.cat\/blocs\/electricitat\/wp-content\/uploads\/sites\/13\/2019\/12\/fp-dual-3-300x225.jpg 300w\" sizes=\"(max-width: 448px) 100vw, 448px\" \/><\/figure><\/li><li class=\"blocks-gallery-item\"><figure><img loading=\"lazy\" decoding=\"async\" width=\"1024\" height=\"768\" src=\"https:\/\/www.iespasqualcalbo.cat\/blocs\/electricitat\/wp-content\/uploads\/sites\/13\/2019\/12\/fp-dual-2-1024x768.jpg\" alt=\"\" data-id=\"1276\" data-link=\"https:\/\/www.iespasqualcalbo.cat\/blocs\/electricitat\/?attachment_id=1276\" class=\"wp-image-1276\" srcset=\"https:\/\/www.iespasqualcalbo.cat\/blocs\/electricitat\/wp-content\/uploads\/sites\/13\/2019\/12\/fp-dual-2.jpg 1024w, https:\/\/www.iespasqualcalbo.cat\/blocs\/electricitat\/wp-content\/uploads\/sites\/13\/2019\/12\/fp-dual-2-300x225.jpg 300w, https:\/\/www.iespasqualcalbo.cat\/blocs\/electricitat\/wp-content\/uploads\/sites\/13\/2019\/12\/fp-dual-2-768x576.jpg 768w, https:\/\/www.iespasqualcalbo.cat\/blocs\/electricitat\/wp-content\/uploads\/sites\/13\/2019\/12\/fp-dual-2-624x468.jpg 624w\" sizes=\"(max-width: 1024px) 100vw, 1024px\" \/><\/figure><\/li><\/ul>\n","protected":false},"excerpt":{"rendered":"<p>La Conselleria d\u2019Educaci\u00f3, Universitat i Recerca, mitjan\u00e7ant la Direcci\u00f3 General de Formaci\u00f3 Professional i d\u2019Ensenyaments Art\u00edstics Superiors, va viatjar Rendsburg, a Alemanya,\u00a0 amb quasi un centenar d\u2019alumnes \u00a0i una quinzena de professors de Formaci\u00f3 Professional de totes les Illes Balears amb l\u2019objectiu de promoure la Formaci\u00f3 Professional Dual entre els estudiants.<\/p>\n","protected":false},"author":2,"featured_media":0,"comment_status":"open","ping_status":"open","sticky":false,"template":"","format":"standard","meta":{"footnotes":""},"categories":[1],"tags":[],"class_list":["post-1275","post","type-post","status-publish","format-standard","hentry","category-general"],"_links":{"self":[{"href":"https:\/\/www.iespasqualcalbo.cat\/blocs\/electricitat\/wp-json\/wp\/v2\/posts\/1275","targetHints":{"allow":["GET"]}}],"collection":[{"href":"https:\/\/www.iespasqualcalbo.cat\/blocs\/electricitat\/wp-json\/wp\/v2\/posts"}],"about":[{"href":"https:\/\/www.iespasqualcalbo.cat\/blocs\/electricitat\/wp-json\/wp\/v2\/types\/post"}],"author":[{"embeddable":true,"href":"https:\/\/www.iespasqualcalbo.cat\/blocs\/electricitat\/wp-json\/wp\/v2\/users\/2"}],"replies":[{"embeddable":true,"href":"https:\/\/www.iespasqualcalbo.cat\/blocs\/electricitat\/wp-json\/wp\/v2\/comments?post=1275"}],"version-history":[{"count":2,"href":"https:\/\/www.iespasqualcalbo.cat\/blocs\/electricitat\/wp-json\/wp\/v2\/posts\/1275\/revisions"}],"predecessor-version":[{"id":1282,"href":"https:\/\/www.iespasqualcalbo.cat\/blocs\/electricitat\/wp-json\/wp\/v2\/posts\/1275\/revisions\/1282"}],"wp:attachment":[{"href":"https:\/\/www.iespasqualcalbo.cat\/blocs\/electricitat\/wp-json\/wp\/v2\/media?parent=1275"}],"wp:term":[{"taxonomy":"category","embeddable":true,"href":"https:\/\/www.iespasqualcalbo.cat\/blocs\/electricitat\/wp-json\/wp\/v2\/categories?post=1275"},{"taxonomy":"post_tag","embeddable":true,"href":"https:\/\/www.iespasqualcalbo.cat\/blocs\/electricitat\/wp-json\/wp\/v2\/tags?post=1275"}],"curies":[{"name":"wp","href":"https:\/\/api.w.org\/{rel}","templated":true}]}}